{"id":22831,"date":"2020-07-13T12:10:47","date_gmt":"2020-07-13T16:10:47","guid":{"rendered":"http:\/\/agendaparaguay.com\/v2\/?p=22831"},"modified":"2020-07-13T12:05:12","modified_gmt":"2020-07-13T16:05:12","slug":"municipalidad-declara-emergencia-sanitaria-por-90-dias-en-luque","status":"publish","type":"post","link":"https:\/\/agendaparaguay.com\/v2\/2020\/07\/13\/municipalidad-declara-emergencia-sanitaria-por-90-dias-en-luque\/","title":{"rendered":"Municipalidad declara emergencia sanitaria por 90 d\u00edas en Luque"},"content":{"rendered":"<p style=\"text-align: justify;\">El Intendente Municipal de la ciudad de Luque firm\u00f3 la resoluci\u00f3n n\u00ba 831, que establece el plazo de 90 d\u00edas de estado de emergencia sanitaria, avalando as\u00ed la medida tomada por la Junta Municipal.<!--more--><\/p>\n<p style=\"text-align: justify;\">La medida fue tomada despu\u00e9s de la confirmaci\u00f3n de m\u00e1s de 30 casos de COVID19positivo en empleados de un conocido y concurrido supermercado de la ciudad. Incluso, el centro comercial queda con ls puertas cerradas por 15 d\u00edas y unos 350 empleados ser\u00e1n sometidos a la prueba de Coronavirus.<\/p>\n<p style=\"text-align: justify;\">En el marco de al emergencia, se dispone el control de locales comerciales que operan en el microcentro de la ciudad, respecto al cumplimiento de exigencias sanitarias, dispuestas por el Gobierno Nacional.<\/p>\n<p style=\"text-align: justify;\">Solicitan adem\u00e1s la colaboraci\u00f3n de la Polic\u00eda Nacional y el Ministerio P\u00fablico el acompa\u00f1amiento y colaboraci\u00f3n para exigir dicho cumplimiento.<\/p>\n","protected":false},"excerpt":{"rendered":"<p>El Intendente Municipal de la ciudad de Luque firm\u00f3 la resoluci\u00f3n n\u00ba 831, que establece el plazo de 90 d\u00edas de estado de emergencia sanitaria, avalando as\u00ed la medida tomada&hellip; <\/p>\n","protected":false},"author":1,"featured_media":21397,"comment_status":"open","ping_status":"open","sticky":false,"template":"","format":"standard","meta":{"sfsi_plus_gutenberg_text_before_share":"","sfsi_plus_gutenberg_show_text_before_share":"","sfsi_plus_gutenberg_icon_type":"","sfsi_plus_gutenberg_icon_alignemt":"","sfsi_plus_gutenburg_max_per_row":"","footnotes":"","_jetpack_memberships_contains_paid_content":false,"jetpack_publicize_message":"","jetpack_publicize_feature_enabled":true,"jetpack_social_post_already_shared":false,"jetpack_social_options":{"image_generator_settings":{"template":"highway","enabled":false},"version":2}},"categories":[5],"tags":[],"jetpack_publicize_connections":[],"jetpack_sharing_enabled":true,"jetpack_featured_media_url":"https:\/\/agendaparaguay.com\/v2\/wp-content\/uploads\/2020\/06\/coronavirus_dinatran.jpeg","_links":{"self":[{"href":"https:\/\/agendaparaguay.com\/v2\/wp-json\/wp\/v2\/posts\/22831"}],"collection":[{"href":"https:\/\/agendaparaguay.com\/v2\/wp-json\/wp\/v2\/posts"}],"about":[{"href":"https:\/\/agendaparaguay.com\/v2\/wp-json\/wp\/v2\/types\/post"}],"author":[{"embeddable":true,"href":"https:\/\/agendaparaguay.com\/v2\/wp-json\/wp\/v2\/users\/1"}],"replies":[{"embeddable":true,"href":"https:\/\/agendaparaguay.com\/v2\/wp-json\/wp\/v2\/comments?post=22831"}],"version-history":[{"count":2,"href":"https:\/\/agendaparaguay.com\/v2\/wp-json\/wp\/v2\/posts\/22831\/revisions"}],"predecessor-version":[{"id":22833,"href":"https:\/\/agendaparaguay.com\/v2\/wp-json\/wp\/v2\/posts\/22831\/revisions\/22833"}],"wp:featuredmedia":[{"embeddable":true,"href":"https:\/\/agendaparaguay.com\/v2\/wp-json\/wp\/v2\/media\/21397"}],"wp:attachment":[{"href":"https:\/\/agendaparaguay.com\/v2\/wp-json\/wp\/v2\/media?parent=22831"}],"wp:term":[{"taxonomy":"category","embeddable":true,"href":"https:\/\/agendaparaguay.com\/v2\/wp-json\/wp\/v2\/categories?post=22831"},{"taxonomy":"post_tag","embeddable":true,"href":"https:\/\/agendaparaguay.com\/v2\/wp-json\/wp\/v2\/tags?post=22831"}],"curies":[{"name":"wp","href":"https:\/\/api.w.org\/{rel}","templated":true}]}}