{"id":22881,"date":"2020-07-14T13:50:09","date_gmt":"2020-07-14T17:50:09","guid":{"rendered":"http:\/\/agendaparaguay.com\/v2\/?p=22881"},"modified":"2020-07-14T13:04:05","modified_gmt":"2020-07-14T17:04:05","slug":"riera-dialogo-con-el-presidente-abdo-pero-niega-acercamiento-a-anetete","status":"publish","type":"post","link":"https:\/\/agendaparaguay.com\/v2\/2020\/07\/14\/riera-dialogo-con-el-presidente-abdo-pero-niega-acercamiento-a-anetete\/","title":{"rendered":"Riera dialog\u00f3 con el presidente Abdo pero niega acercamiento a A\u00f1etete"},"content":{"rendered":"<p style=\"text-align: justify;\">El senador colorado Enrique Riera confirm\u00f3 que mantuvo una conversaci\u00f3n con el presidente de la rep\u00fablica, Mario Abdo Ben\u00edtez pero neg\u00f3 que exista un acercamiento tendiente a su incorporaci\u00f3n al bloque de Colorado A\u00f1etete en la c\u00e1mara de Senadores.<!--more--><\/p>\n<p style=\"text-align: justify;\">Aclar\u00f3 que el di\u00e1logo con el jefe de estado tiene como \u00fanico fin colaborar con el Ejecutivo con las medidas aplicadas en el marco de la lucha contra el COVID19 o Coronavirus.<\/p>\n<p style=\"text-align: justify;\">\u00abEn este momento estamos en el mismo barco y creo que el ciudadano lo que quiere es que su clase pol\u00edtica busque acuerdos\u00bb, a\u00f1adi\u00f3 Riera.<\/p>\n<p style=\"text-align: justify;\">En declaraciones a \u00d1anduti, alert\u00f3 que genera preocupaci\u00f3n en lo que respecta a la falta de transparencia en el manejo de los fondos. \u00abDa la impresi\u00f3n de que estamos perdiendo el partido sobre todo en lo que respecta a la transparencia, de que la plata no llega a donde tiene que llegar\u00bb, refiri\u00f3 el legislador.<\/p>\n<p style=\"text-align: justify;\">No descart\u00f3 aportar ideas al gobierno en base a las necesidades de la poblaci\u00f3n.<\/p>\n","protected":false},"excerpt":{"rendered":"<p>El senador colorado Enrique Riera confirm\u00f3 que mantuvo una conversaci\u00f3n con el presidente de la rep\u00fablica, Mario Abdo Ben\u00edtez pero neg\u00f3 que exista un acercamiento tendiente a su incorporaci\u00f3n al&hellip; <\/p>\n","protected":false},"author":1,"featured_media":18863,"comment_status":"open","ping_status":"open","sticky":false,"template":"","format":"standard","meta":{"sfsi_plus_gutenberg_text_before_share":"","sfsi_plus_gutenberg_show_text_before_share":"","sfsi_plus_gutenberg_icon_type":"","sfsi_plus_gutenberg_icon_alignemt":"","sfsi_plus_gutenburg_max_per_row":"","footnotes":"","_jetpack_memberships_contains_paid_content":false,"jetpack_publicize_message":"","jetpack_publicize_feature_enabled":true,"jetpack_social_post_already_shared":false,"jetpack_social_options":{"image_generator_settings":{"template":"highway","enabled":false},"version":2}},"categories":[3],"tags":[],"jetpack_publicize_connections":[],"jetpack_sharing_enabled":true,"jetpack_featured_media_url":"https:\/\/agendaparaguay.com\/v2\/wp-content\/uploads\/2020\/03\/sen_enrique_riera_0320.jpeg","_links":{"self":[{"href":"https:\/\/agendaparaguay.com\/v2\/wp-json\/wp\/v2\/posts\/22881"}],"collection":[{"href":"https:\/\/agendaparaguay.com\/v2\/wp-json\/wp\/v2\/posts"}],"about":[{"href":"https:\/\/agendaparaguay.com\/v2\/wp-json\/wp\/v2\/types\/post"}],"author":[{"embeddable":true,"href":"https:\/\/agendaparaguay.com\/v2\/wp-json\/wp\/v2\/users\/1"}],"replies":[{"embeddable":true,"href":"https:\/\/agendaparaguay.com\/v2\/wp-json\/wp\/v2\/comments?post=22881"}],"version-history":[{"count":1,"href":"https:\/\/agendaparaguay.com\/v2\/wp-json\/wp\/v2\/posts\/22881\/revisions"}],"predecessor-version":[{"id":22882,"href":"https:\/\/agendaparaguay.com\/v2\/wp-json\/wp\/v2\/posts\/22881\/revisions\/22882"}],"wp:featuredmedia":[{"embeddable":true,"href":"https:\/\/agendaparaguay.com\/v2\/wp-json\/wp\/v2\/media\/18863"}],"wp:attachment":[{"href":"https:\/\/agendaparaguay.com\/v2\/wp-json\/wp\/v2\/media?parent=22881"}],"wp:term":[{"taxonomy":"category","embeddable":true,"href":"https:\/\/agendaparaguay.com\/v2\/wp-json\/wp\/v2\/categories?post=22881"},{"taxonomy":"post_tag","embeddable":true,"href":"https:\/\/agendaparaguay.com\/v2\/wp-json\/wp\/v2\/tags?post=22881"}],"curies":[{"name":"wp","href":"https:\/\/api.w.org\/{rel}","templated":true}]}}