{"id":22914,"date":"2020-07-15T11:30:23","date_gmt":"2020-07-15T15:30:23","guid":{"rendered":"http:\/\/agendaparaguay.com\/v2\/?p=22914"},"modified":"2020-07-15T11:16:34","modified_gmt":"2020-07-15T15:16:34","slug":"tras-renunciar-al-liderazgo-de-bancada-bacchetta-critica-fuertemente-al-presidente-abdo","status":"publish","type":"post","link":"https:\/\/agendaparaguay.com\/v2\/2020\/07\/15\/tras-renunciar-al-liderazgo-de-bancada-bacchetta-critica-fuertemente-al-presidente-abdo\/","title":{"rendered":"Tras renunciar al liderazgo de bancada Bacchetta critica fuertemente al presidente Abdo"},"content":{"rendered":"<p style=\"text-align: justify;\">Pese a que no dejar\u00e1 la bancada de Colorado A\u00f1etete en el Senado, el legislador Enrique Bacchetta aclar\u00f3 sin embargo que est\u00e1 dispuesto a que \u201clo echen\u201d por las cr\u00edticas vertidas contra el Poder Ejecutivo.<!--more--><\/p>\n<p style=\"text-align: justify;\">En declaraciones a abc Cardinal, el parlamentario resalt\u00f3 que varios ministros deben ser cambiados, entre los que cit\u00f3 a Eduardo Petta de Educaci\u00f3n y Julio Mazzoleni de Salud P\u00fablica.<\/p>\n<p style=\"text-align: justify;\">Destac\u00f3 que existen fisuras en el oficialismo y responsabiliz\u00f3 al presidente Mario Abdo Ben\u00edtez de lo que est\u00e1 ocurriendo. \u00abLo que est\u00e1 pasando dej\u00f3 \u00e9l (Abdo) que pase\u00bb, expres\u00f3 a la 730 am.<\/p>\n<p style=\"text-align: justify;\">Asegur\u00f3 que varios son los legisladores del oficialismo que no est\u00e1n satisfechos con la labor del Ejecutivo, principalmente en lo que hace a la ejecuci\u00f3n de los fondos en el marco de la Pandemia por Coronavirus y las denuncias de corrupci\u00f3n.<\/p>\n<p style=\"text-align: justify;\">En este marco refiri\u00f3 que m\u00e1s all\u00e1 a las buenas intenciones de Mazzoleni y a que sea una buena persona, sin embargo es insuficiente, ya que es mal administrador, por lo que debe ser destituido.<\/p>\n<p style=\"text-align: justify;\">Cabe destacar que Enrique Bacchetta renunci\u00f3 por nota al liderazgo de la bancada de A\u00f1etete en el Senado, dejando al descubierto su descontento y el conflicto que mantiene con el presidente Mario Abdo Ben\u00edtez.<\/p>\n","protected":false},"excerpt":{"rendered":"<p>Pese a que no dejar\u00e1 la bancada de Colorado A\u00f1etete en el Senado, el legislador Enrique Bacchetta aclar\u00f3 sin embargo que est\u00e1 dispuesto a que \u201clo echen\u201d por las cr\u00edticas&hellip; <\/p>\n","protected":false},"author":1,"featured_media":14177,"comment_status":"open","ping_status":"open","sticky":false,"template":"","format":"standard","meta":{"sfsi_plus_gutenberg_text_before_share":"","sfsi_plus_gutenberg_show_text_before_share":"","sfsi_plus_gutenberg_icon_type":"","sfsi_plus_gutenberg_icon_alignemt":"","sfsi_plus_gutenburg_max_per_row":"","footnotes":"","_jetpack_memberships_contains_paid_content":false,"jetpack_publicize_message":"","jetpack_publicize_feature_enabled":true,"jetpack_social_post_already_shared":false,"jetpack_social_options":{"image_generator_settings":{"template":"highway","enabled":false},"version":2}},"categories":[3],"tags":[],"jetpack_publicize_connections":[],"jetpack_sharing_enabled":true,"jetpack_featured_media_url":"https:\/\/agendaparaguay.com\/v2\/wp-content\/uploads\/2019\/10\/sen_enrique_bacchetta.jpeg","_links":{"self":[{"href":"https:\/\/agendaparaguay.com\/v2\/wp-json\/wp\/v2\/posts\/22914"}],"collection":[{"href":"https:\/\/agendaparaguay.com\/v2\/wp-json\/wp\/v2\/posts"}],"about":[{"href":"https:\/\/agendaparaguay.com\/v2\/wp-json\/wp\/v2\/types\/post"}],"author":[{"embeddable":true,"href":"https:\/\/agendaparaguay.com\/v2\/wp-json\/wp\/v2\/users\/1"}],"replies":[{"embeddable":true,"href":"https:\/\/agendaparaguay.com\/v2\/wp-json\/wp\/v2\/comments?post=22914"}],"version-history":[{"count":1,"href":"https:\/\/agendaparaguay.com\/v2\/wp-json\/wp\/v2\/posts\/22914\/revisions"}],"predecessor-version":[{"id":22915,"href":"https:\/\/agendaparaguay.com\/v2\/wp-json\/wp\/v2\/posts\/22914\/revisions\/22915"}],"wp:featuredmedia":[{"embeddable":true,"href":"https:\/\/agendaparaguay.com\/v2\/wp-json\/wp\/v2\/media\/14177"}],"wp:attachment":[{"href":"https:\/\/agendaparaguay.com\/v2\/wp-json\/wp\/v2\/media?parent=22914"}],"wp:term":[{"taxonomy":"category","embeddable":true,"href":"https:\/\/agendaparaguay.com\/v2\/wp-json\/wp\/v2\/categories?post=22914"},{"taxonomy":"post_tag","embeddable":true,"href":"https:\/\/agendaparaguay.com\/v2\/wp-json\/wp\/v2\/tags?post=22914"}],"curies":[{"name":"wp","href":"https:\/\/api.w.org\/{rel}","templated":true}]}}