{"id":22971,"date":"2020-07-16T16:00:27","date_gmt":"2020-07-16T20:00:27","guid":{"rendered":"http:\/\/agendaparaguay.com\/v2\/?p=22971"},"modified":"2020-07-16T13:03:30","modified_gmt":"2020-07-16T17:03:30","slug":"alliana-confirma-que-abdo-benitez-tiene-el-apoyo-de-dos-de-los-principales-movimientos","status":"publish","type":"post","link":"https:\/\/agendaparaguay.com\/v2\/2020\/07\/16\/alliana-confirma-que-abdo-benitez-tiene-el-apoyo-de-dos-de-los-principales-movimientos\/","title":{"rendered":"Alliana confirma que Abdo Ben\u00edtez tiene el apoyo de dos de los principales movimientos"},"content":{"rendered":"<p style=\"text-align: justify;\">A criterio del presidente de Diputados y del Partido Colorado, Pedro Alliana, el presidente Mario Abdo Ben\u00edtez, cuenta con el respaldo de los dos movimientos m\u00e1s poderosos de la ANR, que son Honor Colorado y Colorado A\u00f1etete.<!--more--><\/p>\n<p style=\"text-align: justify;\">En declaraciones a Radio 1000, descar\u00f3 que la renuncia al liderazgo de Bancada del senador Enrique Bacchetta no afecta al di\u00e1logo entre los dos sectores internos del Partido Colorado y de la B\u00fasqueda de Unidad en el interior de la ANR.<\/p>\n<p style=\"text-align: justify;\">\u201cNo quiero hablar del 100% pero tiene el respaldo de por lo menos tiene el respaldo de los dos Movimiento m\u00e1s poderosos del ANR, estamos hablando de casi 90% de los miembros de la Junta de Gobierno, de los convencionales, de presidente de seccionales\u201d, expres\u00f3 el legislador y uno de los principales referentes del cartismo en el Congreso.<\/p>\n<p style=\"text-align: justify;\">Con miras a las elecciones del 2023, Alliana reivindic\u00f3 la unidad como medio de fortalecimiento del Partido Colorado.<\/p>\n<p>Asegur\u00f3 que existe \u00abuna conversaci\u00f3n fluida entre Horacio Cartes y Mario Abdo Ben\u00edtez\u00bb, que apunta incluso a candidaturas de consenso para las pr\u00f3ximas municipales.<\/p>\n","protected":false},"excerpt":{"rendered":"<p>A criterio del presidente de Diputados y del Partido Colorado, Pedro Alliana, el presidente Mario Abdo Ben\u00edtez, cuenta con el respaldo de los dos movimientos m\u00e1s poderosos de la ANR,&hellip; <\/p>\n","protected":false},"author":1,"featured_media":21442,"comment_status":"open","ping_status":"open","sticky":false,"template":"","format":"standard","meta":{"sfsi_plus_gutenberg_text_before_share":"","sfsi_plus_gutenberg_show_text_before_share":"","sfsi_plus_gutenberg_icon_type":"","sfsi_plus_gutenberg_icon_alignemt":"","sfsi_plus_gutenburg_max_per_row":"","footnotes":"","_jetpack_memberships_contains_paid_content":false,"jetpack_publicize_message":"","jetpack_publicize_feature_enabled":true,"jetpack_social_post_already_shared":false,"jetpack_social_options":{"image_generator_settings":{"template":"highway","enabled":false},"version":2}},"categories":[4],"tags":[],"jetpack_publicize_connections":[],"jetpack_sharing_enabled":true,"jetpack_featured_media_url":"https:\/\/agendaparaguay.com\/v2\/wp-content\/uploads\/2020\/06\/pedro_alliana_3.jpeg","_links":{"self":[{"href":"https:\/\/agendaparaguay.com\/v2\/wp-json\/wp\/v2\/posts\/22971"}],"collection":[{"href":"https:\/\/agendaparaguay.com\/v2\/wp-json\/wp\/v2\/posts"}],"about":[{"href":"https:\/\/agendaparaguay.com\/v2\/wp-json\/wp\/v2\/types\/post"}],"author":[{"embeddable":true,"href":"https:\/\/agendaparaguay.com\/v2\/wp-json\/wp\/v2\/users\/1"}],"replies":[{"embeddable":true,"href":"https:\/\/agendaparaguay.com\/v2\/wp-json\/wp\/v2\/comments?post=22971"}],"version-history":[{"count":1,"href":"https:\/\/agendaparaguay.com\/v2\/wp-json\/wp\/v2\/posts\/22971\/revisions"}],"predecessor-version":[{"id":22972,"href":"https:\/\/agendaparaguay.com\/v2\/wp-json\/wp\/v2\/posts\/22971\/revisions\/22972"}],"wp:featuredmedia":[{"embeddable":true,"href":"https:\/\/agendaparaguay.com\/v2\/wp-json\/wp\/v2\/media\/21442"}],"wp:attachment":[{"href":"https:\/\/agendaparaguay.com\/v2\/wp-json\/wp\/v2\/media?parent=22971"}],"wp:term":[{"taxonomy":"category","embeddable":true,"href":"https:\/\/agendaparaguay.com\/v2\/wp-json\/wp\/v2\/categories?post=22971"},{"taxonomy":"post_tag","embeddable":true,"href":"https:\/\/agendaparaguay.com\/v2\/wp-json\/wp\/v2\/tags?post=22971"}],"curies":[{"name":"wp","href":"https:\/\/api.w.org\/{rel}","templated":true}]}}