{"id":22985,"date":"2020-07-16T23:13:56","date_gmt":"2020-07-17T03:13:56","guid":{"rendered":"http:\/\/agendaparaguay.com\/v2\/?p=22985"},"modified":"2020-07-16T23:13:56","modified_gmt":"2020-07-17T03:13:56","slug":"senad-capturo-a-distribuidor-de-cocaina-en-fernando-de-la-mora","status":"publish","type":"post","link":"https:\/\/agendaparaguay.com\/v2\/2020\/07\/16\/senad-capturo-a-distribuidor-de-cocaina-en-fernando-de-la-mora\/","title":{"rendered":"SENAD captur\u00f3 a distribuidor de coca\u00edna en Fernando de la Mora"},"content":{"rendered":"<p style=\"text-align: justify;\">Agentes Especiales de la SENAD del Departamento de Operaciones Urbanas, en coordinaci\u00f3n con la fiscal Lourdes Bobadilla, allanaron una vivienda ubicada en el barrio San Juan de Fernando de la Mora zona sur, en la noche de este jueves, tras una investigaci\u00f3n por distribuci\u00f3n de drogas.<!--more--><\/p>\n<p style=\"text-align: justify;\">En el lugar detuvieron a un supuesto microtraficante y se incautaron de dosis de drogas y dinero en efectivo.<\/p>\n<p style=\"text-align: justify;\">Se tratra de Jorge Daniel Delgado D\u00edaz, de 33 a\u00f1os, quien ser\u00eda en responsable de la comercializaci\u00f3n de drogas. Dentro de su vivienda hallaron algunas dosis de drogas, pero tras la revisi\u00f3n exhaustiva de la propiedad detectaron m\u00e1s sustancias estupefacientes ocultas bajo chapas y basuras en la parte trasera de la casa.<\/p>\n<p style=\"text-align: justify;\">En total se incautaron de 20 porciones de coca\u00edna, con un peso de 50,4 gramos, una balanza de precisi\u00f3n, dinero en efectivo y un aparato celular. El detenido y las evidencias fueron puestos a disposici\u00f3n del Ministerio P\u00fablico. Seg\u00fan informes recabados, la vivienda era frecuentada por personas durante todo el d\u00eda para la compra de drogas.<\/p>\n","protected":false},"excerpt":{"rendered":"<p>Agentes Especiales de la SENAD del Departamento de Operaciones Urbanas, en coordinaci\u00f3n con la fiscal Lourdes Bobadilla, allanaron una vivienda ubicada en el barrio San Juan de Fernando de la&hellip; <\/p>\n","protected":false},"author":1,"featured_media":22986,"comment_status":"open","ping_status":"open","sticky":false,"template":"","format":"standard","meta":{"sfsi_plus_gutenberg_text_before_share":"","sfsi_plus_gutenberg_show_text_before_share":"","sfsi_plus_gutenberg_icon_type":"","sfsi_plus_gutenberg_icon_alignemt":"","sfsi_plus_gutenburg_max_per_row":"","footnotes":"","_jetpack_memberships_contains_paid_content":false,"jetpack_publicize_message":"","jetpack_publicize_feature_enabled":true,"jetpack_social_post_already_shared":false,"jetpack_social_options":{"image_generator_settings":{"template":"highway","enabled":false},"version":2}},"categories":[5],"tags":[],"jetpack_publicize_connections":[],"jetpack_sharing_enabled":true,"jetpack_featured_media_url":"https:\/\/agendaparaguay.com\/v2\/wp-content\/uploads\/2020\/07\/senad_detenido_fernando.jpeg","_links":{"self":[{"href":"https:\/\/agendaparaguay.com\/v2\/wp-json\/wp\/v2\/posts\/22985"}],"collection":[{"href":"https:\/\/agendaparaguay.com\/v2\/wp-json\/wp\/v2\/posts"}],"about":[{"href":"https:\/\/agendaparaguay.com\/v2\/wp-json\/wp\/v2\/types\/post"}],"author":[{"embeddable":true,"href":"https:\/\/agendaparaguay.com\/v2\/wp-json\/wp\/v2\/users\/1"}],"replies":[{"embeddable":true,"href":"https:\/\/agendaparaguay.com\/v2\/wp-json\/wp\/v2\/comments?post=22985"}],"version-history":[{"count":1,"href":"https:\/\/agendaparaguay.com\/v2\/wp-json\/wp\/v2\/posts\/22985\/revisions"}],"predecessor-version":[{"id":22987,"href":"https:\/\/agendaparaguay.com\/v2\/wp-json\/wp\/v2\/posts\/22985\/revisions\/22987"}],"wp:featuredmedia":[{"embeddable":true,"href":"https:\/\/agendaparaguay.com\/v2\/wp-json\/wp\/v2\/media\/22986"}],"wp:attachment":[{"href":"https:\/\/agendaparaguay.com\/v2\/wp-json\/wp\/v2\/media?parent=22985"}],"wp:term":[{"taxonomy":"category","embeddable":true,"href":"https:\/\/agendaparaguay.com\/v2\/wp-json\/wp\/v2\/categories?post=22985"},{"taxonomy":"post_tag","embeddable":true,"href":"https:\/\/agendaparaguay.com\/v2\/wp-json\/wp\/v2\/tags?post=22985"}],"curies":[{"name":"wp","href":"https:\/\/api.w.org\/{rel}","templated":true}]}}