{"id":23000,"date":"2020-07-17T11:10:38","date_gmt":"2020-07-17T15:10:38","guid":{"rendered":"http:\/\/agendaparaguay.com\/v2\/?p=23000"},"modified":"2020-07-17T10:57:23","modified_gmt":"2020-07-17T14:57:23","slug":"por-denuncias-de-torturas-inician-sumario-en-caso-contrabando-en-cde","status":"publish","type":"post","link":"https:\/\/agendaparaguay.com\/v2\/2020\/07\/17\/por-denuncias-de-torturas-inician-sumario-en-caso-contrabando-en-cde\/","title":{"rendered":"Por denuncias de torturas inician sumario en caso contrabando en CDE"},"content":{"rendered":"<p style=\"text-align: justify;\">La informaci\u00f3n fue confirmada por el Comandante de la Armada, almirante Carlos Vel\u00e1zquez.<!--more--><\/p>\n<p style=\"text-align: justify;\">El alto jefe militar afirm\u00f3 a Radio \u00d1anduti que el sumario iniciado en la fecha afectar\u00e1 a todos los efectivos que formaron parte del operativo anticontrabando que concluy\u00f3 en un tiroteo, la muerte de un suboficial y la tortura de varios detenidos.<\/p>\n<p style=\"text-align: justify;\">Vel\u00e1zquez aclar\u00f3 que la instituci\u00f3n no est\u00e1 dispuesta a apa\u00f1ar la conducta de sus miembros.<\/p>\n<p style=\"text-align: justify;\">Por otro lado lament\u00f3 la muerte de uno de sus miembros y asegur\u00f3 que no se trataba de simples contrabandistas, sino afirm\u00f3 que estaba detr\u00e1s el crimen organizado.<\/p>\n<p style=\"text-align: justify;\">\u00abCon tanta mala suerte, nuestro oficial recibe un balazo en la cabeza. Su compa\u00f1ero responde las balas. Hubo fuego cruzado y el personal lleg\u00f3 hasta la zona donde se produjeron las detenciones\u00bb, refiri\u00f3 el Comandante de la Armada<\/p>\n","protected":false},"excerpt":{"rendered":"<p>La informaci\u00f3n fue confirmada por el Comandante de la Armada, almirante Carlos Vel\u00e1zquez.<\/p>\n","protected":false},"author":1,"featured_media":22946,"comment_status":"open","ping_status":"open","sticky":false,"template":"","format":"standard","meta":{"sfsi_plus_gutenberg_text_before_share":"","sfsi_plus_gutenberg_show_text_before_share":"","sfsi_plus_gutenberg_icon_type":"","sfsi_plus_gutenberg_icon_alignemt":"","sfsi_plus_gutenburg_max_per_row":"","footnotes":"","_jetpack_memberships_contains_paid_content":false,"jetpack_publicize_message":"","jetpack_publicize_feature_enabled":true,"jetpack_social_post_already_shared":false,"jetpack_social_options":{"image_generator_settings":{"template":"highway","enabled":false},"version":2}},"categories":[5],"tags":[],"jetpack_publicize_connections":[],"jetpack_sharing_enabled":true,"jetpack_featured_media_url":"https:\/\/agendaparaguay.com\/v2\/wp-content\/uploads\/2020\/07\/enfrentamiento_kuwait.jpg","_links":{"self":[{"href":"https:\/\/agendaparaguay.com\/v2\/wp-json\/wp\/v2\/posts\/23000"}],"collection":[{"href":"https:\/\/agendaparaguay.com\/v2\/wp-json\/wp\/v2\/posts"}],"about":[{"href":"https:\/\/agendaparaguay.com\/v2\/wp-json\/wp\/v2\/types\/post"}],"author":[{"embeddable":true,"href":"https:\/\/agendaparaguay.com\/v2\/wp-json\/wp\/v2\/users\/1"}],"replies":[{"embeddable":true,"href":"https:\/\/agendaparaguay.com\/v2\/wp-json\/wp\/v2\/comments?post=23000"}],"version-history":[{"count":1,"href":"https:\/\/agendaparaguay.com\/v2\/wp-json\/wp\/v2\/posts\/23000\/revisions"}],"predecessor-version":[{"id":23001,"href":"https:\/\/agendaparaguay.com\/v2\/wp-json\/wp\/v2\/posts\/23000\/revisions\/23001"}],"wp:featuredmedia":[{"embeddable":true,"href":"https:\/\/agendaparaguay.com\/v2\/wp-json\/wp\/v2\/media\/22946"}],"wp:attachment":[{"href":"https:\/\/agendaparaguay.com\/v2\/wp-json\/wp\/v2\/media?parent=23000"}],"wp:term":[{"taxonomy":"category","embeddable":true,"href":"https:\/\/agendaparaguay.com\/v2\/wp-json\/wp\/v2\/categories?post=23000"},{"taxonomy":"post_tag","embeddable":true,"href":"https:\/\/agendaparaguay.com\/v2\/wp-json\/wp\/v2\/tags?post=23000"}],"curies":[{"name":"wp","href":"https:\/\/api.w.org\/{rel}","templated":true}]}}