{"id":23026,"date":"2020-07-17T21:10:59","date_gmt":"2020-07-18T01:10:59","guid":{"rendered":"http:\/\/agendaparaguay.com\/v2\/?p=23026"},"modified":"2020-07-17T21:10:59","modified_gmt":"2020-07-18T01:10:59","slug":"por-circulacion-comunitaria-capital-central-y-alto-parana-permanecen-en-fase-3","status":"publish","type":"post","link":"https:\/\/agendaparaguay.com\/v2\/2020\/07\/17\/por-circulacion-comunitaria-capital-central-y-alto-parana-permanecen-en-fase-3\/","title":{"rendered":"Por circulaci\u00f3n comunitaria, Capital, Central y Alto Paran\u00e1 permanecen en Fase 3"},"content":{"rendered":"<p style=\"text-align: justify;\">En conferencia de prensa, el ministro Julio Mazzoleni confirm\u00f3 hoy que Asunci\u00f3n, el departamento Central y el de Alto Paran\u00e1 permanecer\u00e1n en la Fase 3 de la cuarentena inteligente, es decir, mientras que el resto del pa\u00eds pasar\u00e1 a una nueva fase que incluye la apertura de actividades para los sectores hotelero, cultural y de eventos con restricciones.<!--more--><\/p>\n<p>Mazzoleni indic\u00f3 que la tasa de casos activos de COVID-19 en las comunidades se mantiene en un 23% por cada 100.000 habitantes, en tanto que las tres regiones exceptuadas est\u00e1n por encima de la tasa por lo que se sugiri\u00f3 al presidente de la Rep\u00fablica que se mantenga la Fase 3 en las mismas.<\/p>\n<p style=\"text-align: justify;\">La actual fase llegaba a su t\u00e9rmino este domingo 19 de julio, tras una pr\u00f3rroga de dos semanas. Con las nuevas recomendaciones sanitarias, se extender\u00e1 por tres semana m\u00e1s mientras se eval\u00faa el desarrollo de los casos, inform\u00f3.<\/p>\n<p style=\"text-align: justify;\">El ministro indic\u00f3 que se ha registrado un aumento considerable de casos de COVID-19 en las \u00faltimas semanas. No obstante, se\u00f1al\u00f3 que no se da una circulaci\u00f3n comunitaria de forma masiva, ya que muchos de los casos sin nexo son identificados tras mayores averiguaciones.<\/p>\n<p style=\"text-align: justify;\">Se\u00f1al\u00f3 que Paraguay se ubica como segundo en Latinoam\u00e9rica en que mayores esfuerzos ha hecho en el rastreo de contactos. Las estad\u00edsticas indican que por cada caso positivo se hacen test de COVID-19 a otras 32 personas. Este gran trabajo del personal de Salud permite tener bajos n\u00fameros de circulaci\u00f3n comunitaria, destac\u00f3 el ministro.<\/p>\n<p style=\"text-align: justify;\">Mazzoleni volvi\u00f3 a instar a respetar las medidas de aislamiento y de mantener el contacto con el n\u00facleo principal de personas en la familia y reuniones sociales.<\/p>\n<p style=\"text-align: justify;\">Cabe destacar que el resto del pa\u00eds que avanza a la Fase 4, tienen habilitadas las actividades para el sector hotelero y de turismo, se ampl\u00edan los n\u00fameros para la realizaci\u00f3n de oficios religiosos (hasta 50 personas) y de eventos hasta 20 personas, con un estricto registro de presentes para que el Ministerio pueda hacer los monitoreos. Fuente: Ip<\/p>\n","protected":false},"excerpt":{"rendered":"<p>En conferencia de prensa, el ministro Julio Mazzoleni confirm\u00f3 hoy que Asunci\u00f3n, el departamento Central y el de Alto Paran\u00e1 permanecer\u00e1n en la Fase 3 de la cuarentena inteligente, es&hellip; <\/p>\n","protected":false},"author":1,"featured_media":21825,"comment_status":"open","ping_status":"open","sticky":false,"template":"","format":"standard","meta":{"sfsi_plus_gutenberg_text_before_share":"","sfsi_plus_gutenberg_show_text_before_share":"","sfsi_plus_gutenberg_icon_type":"","sfsi_plus_gutenberg_icon_alignemt":"","sfsi_plus_gutenburg_max_per_row":"","footnotes":"","_jetpack_memberships_contains_paid_content":false,"jetpack_publicize_message":"","jetpack_publicize_feature_enabled":true,"jetpack_social_post_already_shared":false,"jetpack_social_options":{"image_generator_settings":{"template":"highway","enabled":false},"version":2}},"categories":[5],"tags":[],"jetpack_publicize_connections":[],"jetpack_sharing_enabled":true,"jetpack_featured_media_url":"https:\/\/agendaparaguay.com\/v2\/wp-content\/uploads\/2020\/06\/julio_mazzoleni_7.jpeg","_links":{"self":[{"href":"https:\/\/agendaparaguay.com\/v2\/wp-json\/wp\/v2\/posts\/23026"}],"collection":[{"href":"https:\/\/agendaparaguay.com\/v2\/wp-json\/wp\/v2\/posts"}],"about":[{"href":"https:\/\/agendaparaguay.com\/v2\/wp-json\/wp\/v2\/types\/post"}],"author":[{"embeddable":true,"href":"https:\/\/agendaparaguay.com\/v2\/wp-json\/wp\/v2\/users\/1"}],"replies":[{"embeddable":true,"href":"https:\/\/agendaparaguay.com\/v2\/wp-json\/wp\/v2\/comments?post=23026"}],"version-history":[{"count":1,"href":"https:\/\/agendaparaguay.com\/v2\/wp-json\/wp\/v2\/posts\/23026\/revisions"}],"predecessor-version":[{"id":23027,"href":"https:\/\/agendaparaguay.com\/v2\/wp-json\/wp\/v2\/posts\/23026\/revisions\/23027"}],"wp:featuredmedia":[{"embeddable":true,"href":"https:\/\/agendaparaguay.com\/v2\/wp-json\/wp\/v2\/media\/21825"}],"wp:attachment":[{"href":"https:\/\/agendaparaguay.com\/v2\/wp-json\/wp\/v2\/media?parent=23026"}],"wp:term":[{"taxonomy":"category","embeddable":true,"href":"https:\/\/agendaparaguay.com\/v2\/wp-json\/wp\/v2\/categories?post=23026"},{"taxonomy":"post_tag","embeddable":true,"href":"https:\/\/agendaparaguay.com\/v2\/wp-json\/wp\/v2\/tags?post=23026"}],"curies":[{"name":"wp","href":"https:\/\/api.w.org\/{rel}","templated":true}]}}