{"id":23319,"date":"2020-07-27T17:50:51","date_gmt":"2020-07-27T21:50:51","guid":{"rendered":"http:\/\/agendaparaguay.com\/v2\/?p=23319"},"modified":"2020-07-27T16:57:46","modified_gmt":"2020-07-27T20:57:46","slug":"preocupa-a-mazzoleni-aumento-de-casos-de-covid19-en-asuncion-central-y-alto-parana","status":"publish","type":"post","link":"https:\/\/agendaparaguay.com\/v2\/2020\/07\/27\/preocupa-a-mazzoleni-aumento-de-casos-de-covid19-en-asuncion-central-y-alto-parana\/","title":{"rendered":"Preocupa a Mazzoleni aumento de casos de COVID19 en Asunci\u00f3n, Central y Alto Paran\u00e1"},"content":{"rendered":"<p style=\"text-align: justify;\">Los n\u00fameros registrados sobre el coronavirus en Asunci\u00f3n, Central y Alto Paran\u00e1 son realmente preocupantes, seg\u00fan expres\u00f3 el Ministro de Salud, Julio Mazzoleni. Se trata de las zonas donde precisamente no avanz\u00f3 a la Fase 4 de la Cuarentena Inteligente.<!--more--><\/p>\n<p style=\"text-align: justify;\">\u00abEstamos monitoreando siempre, especialmente en la zona de Alto Paran\u00e1 que es la que tiene mayor n\u00famero de casos para mejorar la eficiencia\u00bb, refiri\u00f3 el secretario de estado.<\/p>\n<p style=\"text-align: justify;\">\u00bfCentral podr\u00eda retroceder de Fase?<\/p>\n<p style=\"text-align: justify;\">\u00abHay que analizar un poco en base a la cantidad de la proporci\u00f3n, Asunci\u00f3n, Central y Alto Paran\u00e1 son \u00e1reas densamente pobladas y entonces el n\u00famero de casos tiene que valorarse respecto a esa posibilidad. Por otro lado, la frecuencia de brotes y el aumento de los casos comunitarios genera una gran preocupaci\u00f3n, como hemos dicho en todo momento, somos los m\u00e1s interesados en poder conservar estas libertades que se han obtenido en el avance de las fases, pero naturalmente desde el punto de vista sanitario se tendr\u00e1n que tomar las decisiones que sean necesarias\u00bb, indic\u00f3.<br \/>\nCon informe de Radio \u00d1anduti.<\/p>\n","protected":false},"excerpt":{"rendered":"<p>Los n\u00fameros registrados sobre el coronavirus en Asunci\u00f3n, Central y Alto Paran\u00e1 son realmente preocupantes, seg\u00fan expres\u00f3 el Ministro de Salud, Julio Mazzoleni. Se trata de las zonas donde precisamente&hellip; <\/p>\n","protected":false},"author":1,"featured_media":21825,"comment_status":"open","ping_status":"open","sticky":false,"template":"","format":"standard","meta":{"sfsi_plus_gutenberg_text_before_share":"","sfsi_plus_gutenberg_show_text_before_share":"","sfsi_plus_gutenberg_icon_type":"","sfsi_plus_gutenberg_icon_alignemt":"","sfsi_plus_gutenburg_max_per_row":"","footnotes":"","_jetpack_memberships_contains_paid_content":false,"jetpack_publicize_message":"","jetpack_publicize_feature_enabled":true,"jetpack_social_post_already_shared":false,"jetpack_social_options":{"image_generator_settings":{"template":"highway","enabled":false},"version":2}},"categories":[5],"tags":[],"jetpack_publicize_connections":[],"jetpack_sharing_enabled":true,"jetpack_featured_media_url":"https:\/\/agendaparaguay.com\/v2\/wp-content\/uploads\/2020\/06\/julio_mazzoleni_7.jpeg","_links":{"self":[{"href":"https:\/\/agendaparaguay.com\/v2\/wp-json\/wp\/v2\/posts\/23319"}],"collection":[{"href":"https:\/\/agendaparaguay.com\/v2\/wp-json\/wp\/v2\/posts"}],"about":[{"href":"https:\/\/agendaparaguay.com\/v2\/wp-json\/wp\/v2\/types\/post"}],"author":[{"embeddable":true,"href":"https:\/\/agendaparaguay.com\/v2\/wp-json\/wp\/v2\/users\/1"}],"replies":[{"embeddable":true,"href":"https:\/\/agendaparaguay.com\/v2\/wp-json\/wp\/v2\/comments?post=23319"}],"version-history":[{"count":1,"href":"https:\/\/agendaparaguay.com\/v2\/wp-json\/wp\/v2\/posts\/23319\/revisions"}],"predecessor-version":[{"id":23320,"href":"https:\/\/agendaparaguay.com\/v2\/wp-json\/wp\/v2\/posts\/23319\/revisions\/23320"}],"wp:featuredmedia":[{"embeddable":true,"href":"https:\/\/agendaparaguay.com\/v2\/wp-json\/wp\/v2\/media\/21825"}],"wp:attachment":[{"href":"https:\/\/agendaparaguay.com\/v2\/wp-json\/wp\/v2\/media?parent=23319"}],"wp:term":[{"taxonomy":"category","embeddable":true,"href":"https:\/\/agendaparaguay.com\/v2\/wp-json\/wp\/v2\/categories?post=23319"},{"taxonomy":"post_tag","embeddable":true,"href":"https:\/\/agendaparaguay.com\/v2\/wp-json\/wp\/v2\/tags?post=23319"}],"curies":[{"name":"wp","href":"https:\/\/api.w.org\/{rel}","templated":true}]}}