{"id":23332,"date":"2020-07-28T08:00:49","date_gmt":"2020-07-28T12:00:49","guid":{"rendered":"http:\/\/agendaparaguay.com\/v2\/?p=23332"},"modified":"2020-07-28T08:00:49","modified_gmt":"2020-07-28T12:00:49","slug":"emiten-aviso-especial-por-probable-tiempo-significativo","status":"publish","type":"post","link":"https:\/\/agendaparaguay.com\/v2\/2020\/07\/28\/emiten-aviso-especial-por-probable-tiempo-significativo\/","title":{"rendered":"Emiten aviso especial por probable tiempo significativo"},"content":{"rendered":"<p style=\"text-align: justify;\">Las precipitaciones con tormentas persistir\u00edan el d\u00eda de hoy en todo el pa\u00eds. Los vientos moderados del sur traer\u00edan consigo el descenso de las temperaturas para la jornada de hoy martes<!--more--><\/p>\n<p style=\"text-align: justify;\">El estado actual de tiempo indica el predominio de una masa de aire fr\u00eda en el territorio nacional, las condiciones de nubosidad, humedad y viento en superficie son propicias para un sobreenfriamiento nocturno del aire, previendo de nuevo temperatura bajas en ambas regiones del pa\u00eds, para el mi\u00e9rcoles 29 y el jueves 30<\/p>\n","protected":false},"excerpt":{"rendered":"<p>Las precipitaciones con tormentas persistir\u00edan el d\u00eda de hoy en todo el pa\u00eds. Los vientos moderados del sur traer\u00edan consigo el descenso de las temperaturas para la jornada de hoy&hellip; <\/p>\n","protected":false},"author":1,"featured_media":12074,"comment_status":"open","ping_status":"open","sticky":false,"template":"","format":"standard","meta":{"sfsi_plus_gutenberg_text_before_share":"","sfsi_plus_gutenberg_show_text_before_share":"","sfsi_plus_gutenberg_icon_type":"","sfsi_plus_gutenberg_icon_alignemt":"","sfsi_plus_gutenburg_max_per_row":"","footnotes":"","_jetpack_memberships_contains_paid_content":false,"jetpack_publicize_message":"","jetpack_publicize_feature_enabled":true,"jetpack_social_post_already_shared":false,"jetpack_social_options":{"image_generator_settings":{"template":"highway","enabled":false},"version":2}},"categories":[5],"tags":[],"jetpack_publicize_connections":[],"jetpack_sharing_enabled":true,"jetpack_featured_media_url":"https:\/\/agendaparaguay.com\/v2\/wp-content\/uploads\/2019\/08\/clima_frio.jpg","_links":{"self":[{"href":"https:\/\/agendaparaguay.com\/v2\/wp-json\/wp\/v2\/posts\/23332"}],"collection":[{"href":"https:\/\/agendaparaguay.com\/v2\/wp-json\/wp\/v2\/posts"}],"about":[{"href":"https:\/\/agendaparaguay.com\/v2\/wp-json\/wp\/v2\/types\/post"}],"author":[{"embeddable":true,"href":"https:\/\/agendaparaguay.com\/v2\/wp-json\/wp\/v2\/users\/1"}],"replies":[{"embeddable":true,"href":"https:\/\/agendaparaguay.com\/v2\/wp-json\/wp\/v2\/comments?post=23332"}],"version-history":[{"count":1,"href":"https:\/\/agendaparaguay.com\/v2\/wp-json\/wp\/v2\/posts\/23332\/revisions"}],"predecessor-version":[{"id":23333,"href":"https:\/\/agendaparaguay.com\/v2\/wp-json\/wp\/v2\/posts\/23332\/revisions\/23333"}],"wp:featuredmedia":[{"embeddable":true,"href":"https:\/\/agendaparaguay.com\/v2\/wp-json\/wp\/v2\/media\/12074"}],"wp:attachment":[{"href":"https:\/\/agendaparaguay.com\/v2\/wp-json\/wp\/v2\/media?parent=23332"}],"wp:term":[{"taxonomy":"category","embeddable":true,"href":"https:\/\/agendaparaguay.com\/v2\/wp-json\/wp\/v2\/categories?post=23332"},{"taxonomy":"post_tag","embeddable":true,"href":"https:\/\/agendaparaguay.com\/v2\/wp-json\/wp\/v2\/tags?post=23332"}],"curies":[{"name":"wp","href":"https:\/\/api.w.org\/{rel}","templated":true}]}}