{"id":23588,"date":"2020-08-03T22:21:20","date_gmt":"2020-08-04T02:21:20","guid":{"rendered":"http:\/\/agendaparaguay.com\/v2\/?p=23588"},"modified":"2020-08-03T22:21:20","modified_gmt":"2020-08-04T02:21:20","slug":"sugieren-ratificar-proyecto-de-donacion-de-alimentos-decomisados-en-diputados","status":"publish","type":"post","link":"https:\/\/agendaparaguay.com\/v2\/2020\/08\/03\/sugieren-ratificar-proyecto-de-donacion-de-alimentos-decomisados-en-diputados\/","title":{"rendered":"Sugieren ratificar proyecto de donaci\u00f3n de alimentos decomisados en Diputados"},"content":{"rendered":"<p style=\"text-align: justify;\">La Comisi\u00f3n de Legislaci\u00f3n de la c\u00e1mara baja decidi\u00f3 recomendar al pleno ratificarse en su sanci\u00f3n inicial con respecto al proyecto de ley \u201cQue establece el r\u00e9gimen especial para la donaci\u00f3n de alimentos\u201d.<!--more--><\/p>\n<p style=\"text-align: justify;\">\u201cEl documento aprobado por Diputados establece la posibilidad que alimentos decomisados en procedimientos puedan ser donados; el Senado introdujo modificaciones que hacen a la forma, pero decidimos recomendar la ratificaci\u00f3n\u201d, se\u00f1al\u00f3 el legislador Jorge Avalos Mari\u00f1o, presidente del \u00f3rgano asesor.<\/p>\n<p style=\"text-align: justify;\">\n","protected":false},"excerpt":{"rendered":"<p>La Comisi\u00f3n de Legislaci\u00f3n de la c\u00e1mara baja decidi\u00f3 recomendar al pleno ratificarse en su sanci\u00f3n inicial con respecto al proyecto de ley \u201cQue establece el r\u00e9gimen especial para la&hellip; <\/p>\n","protected":false},"author":1,"featured_media":16317,"comment_status":"open","ping_status":"open","sticky":false,"template":"","format":"standard","meta":{"sfsi_plus_gutenberg_text_before_share":"","sfsi_plus_gutenberg_show_text_before_share":"","sfsi_plus_gutenberg_icon_type":"","sfsi_plus_gutenberg_icon_alignemt":"","sfsi_plus_gutenburg_max_per_row":"","footnotes":"","_jetpack_memberships_contains_paid_content":false,"jetpack_publicize_message":"","jetpack_publicize_feature_enabled":true,"jetpack_social_post_already_shared":false,"jetpack_social_options":{"image_generator_settings":{"template":"highway","enabled":false},"version":2}},"categories":[4],"tags":[],"jetpack_publicize_connections":[],"jetpack_sharing_enabled":true,"jetpack_featured_media_url":"https:\/\/agendaparaguay.com\/v2\/wp-content\/uploads\/2019\/12\/abasto_contrabando.jpg","_links":{"self":[{"href":"https:\/\/agendaparaguay.com\/v2\/wp-json\/wp\/v2\/posts\/23588"}],"collection":[{"href":"https:\/\/agendaparaguay.com\/v2\/wp-json\/wp\/v2\/posts"}],"about":[{"href":"https:\/\/agendaparaguay.com\/v2\/wp-json\/wp\/v2\/types\/post"}],"author":[{"embeddable":true,"href":"https:\/\/agendaparaguay.com\/v2\/wp-json\/wp\/v2\/users\/1"}],"replies":[{"embeddable":true,"href":"https:\/\/agendaparaguay.com\/v2\/wp-json\/wp\/v2\/comments?post=23588"}],"version-history":[{"count":1,"href":"https:\/\/agendaparaguay.com\/v2\/wp-json\/wp\/v2\/posts\/23588\/revisions"}],"predecessor-version":[{"id":23589,"href":"https:\/\/agendaparaguay.com\/v2\/wp-json\/wp\/v2\/posts\/23588\/revisions\/23589"}],"wp:featuredmedia":[{"embeddable":true,"href":"https:\/\/agendaparaguay.com\/v2\/wp-json\/wp\/v2\/media\/16317"}],"wp:attachment":[{"href":"https:\/\/agendaparaguay.com\/v2\/wp-json\/wp\/v2\/media?parent=23588"}],"wp:term":[{"taxonomy":"category","embeddable":true,"href":"https:\/\/agendaparaguay.com\/v2\/wp-json\/wp\/v2\/categories?post=23588"},{"taxonomy":"post_tag","embeddable":true,"href":"https:\/\/agendaparaguay.com\/v2\/wp-json\/wp\/v2\/tags?post=23588"}],"curies":[{"name":"wp","href":"https:\/\/api.w.org\/{rel}","templated":true}]}}