{"id":23731,"date":"2020-08-06T22:49:08","date_gmt":"2020-08-07T02:49:08","guid":{"rendered":"http:\/\/agendaparaguay.com\/v2\/?p=23731"},"modified":"2020-08-06T22:49:08","modified_gmt":"2020-08-07T02:49:08","slug":"ordenan-detencion-de-dos-hermanos-por-crimen-de-adolescente-de-17-anos","status":"publish","type":"post","link":"https:\/\/agendaparaguay.com\/v2\/2020\/08\/06\/ordenan-detencion-de-dos-hermanos-por-crimen-de-adolescente-de-17-anos\/","title":{"rendered":"Ordenan detenci\u00f3n de dos hermanos por crimen de adolescente de 17 a\u00f1os"},"content":{"rendered":"<p style=\"text-align: justify;\">La fiscal Zunilda Ocampos Mar\u00edn orden\u00f3 en la noche de este jueves la detenci\u00f3n preventiva de los hermanos Oscar \u00c1lvarez Ojeda e Ignacio \u00c1lvarez Ojeda por el brutal asesinato de un adolescente de 17 a\u00f1os. El crimen ocurri\u00f3 en la v\u00edspera en una vivienda ubicada en el asentamiento 8 de Diciembre del kil\u00f3metro 9 Monday de la capital del Alto Paran\u00e1.<!--more--><\/p>\n<p style=\"text-align: justify;\">La representante del Ministerio P\u00fablico y efectivos policiales allanaron hoy la casa donde presumiblemente se produjo el homicidio. En la oportunidad, fueron demoradas tres mujeres para averiguaciones. El procedimiento se llev\u00f3 a cabo mediante una orden firmada por la magistrada D\u00f3lica Gim\u00e9nez de Liuzzi, titular del Juzgado Penal de Garant\u00edas n\u00famero 6.<\/p>\n<p style=\"text-align: justify;\">La fiscal Ocampos inform\u00f3 que en el sitio intervenido fueron hallados rastros de sangre, en diferentes partes, que pertenecer\u00edan a la v\u00edctima, identificada con las iniciales L.E.B.L. (17), con domicilio en vida en las inmediaciones del lugar del hecho.<\/p>\n<p style=\"text-align: justify;\">El menor sufri\u00f3 heridas con arma blanca (cuchillo) en la vivienda allanada y luego habr\u00eda caminado algunos pasos para caer al costado de la calle. El mismo posteriormente fue auxiliado por su padre, quien lo traslad\u00f3 hasta un centro asistencial, donde finalmente se constat\u00f3 su deceso.<\/p>\n<p style=\"text-align: justify;\">La vivienda donde se produjo el crimen ya fue allanada en dos oportunidades anteriores por fiscales antidrogas, atendiendo que el sitio supuestamente serv\u00eda como un punto de consumo y venta de sustancias estupefacientes. Esta tarde, gran cantidad de vecinos se acercaron al lugar presuntamente con intenciones de incendiar el lugar, pero con la intervenci\u00f3n de las autoridades los \u00e1nimos de los lugare\u00f1os se calmaron.<\/p>\n","protected":false},"excerpt":{"rendered":"<p>La fiscal Zunilda Ocampos Mar\u00edn orden\u00f3 en la noche de este jueves la detenci\u00f3n preventiva de los hermanos Oscar \u00c1lvarez Ojeda e Ignacio \u00c1lvarez Ojeda por el brutal asesinato de&hellip; <\/p>\n","protected":false},"author":1,"featured_media":20851,"comment_status":"open","ping_status":"open","sticky":false,"template":"","format":"standard","meta":{"sfsi_plus_gutenberg_text_before_share":"","sfsi_plus_gutenberg_show_text_before_share":"","sfsi_plus_gutenberg_icon_type":"","sfsi_plus_gutenberg_icon_alignemt":"","sfsi_plus_gutenburg_max_per_row":"","footnotes":"","_jetpack_memberships_contains_paid_content":false,"jetpack_publicize_message":"","jetpack_publicize_feature_enabled":true,"jetpack_social_post_already_shared":false,"jetpack_social_options":{"image_generator_settings":{"template":"highway","enabled":false},"version":2}},"categories":[5],"tags":[],"jetpack_publicize_connections":[],"jetpack_sharing_enabled":true,"jetpack_featured_media_url":"https:\/\/agendaparaguay.com\/v2\/wp-content\/uploads\/2020\/05\/ministerio-publico-fachada.jpg","_links":{"self":[{"href":"https:\/\/agendaparaguay.com\/v2\/wp-json\/wp\/v2\/posts\/23731"}],"collection":[{"href":"https:\/\/agendaparaguay.com\/v2\/wp-json\/wp\/v2\/posts"}],"about":[{"href":"https:\/\/agendaparaguay.com\/v2\/wp-json\/wp\/v2\/types\/post"}],"author":[{"embeddable":true,"href":"https:\/\/agendaparaguay.com\/v2\/wp-json\/wp\/v2\/users\/1"}],"replies":[{"embeddable":true,"href":"https:\/\/agendaparaguay.com\/v2\/wp-json\/wp\/v2\/comments?post=23731"}],"version-history":[{"count":1,"href":"https:\/\/agendaparaguay.com\/v2\/wp-json\/wp\/v2\/posts\/23731\/revisions"}],"predecessor-version":[{"id":23732,"href":"https:\/\/agendaparaguay.com\/v2\/wp-json\/wp\/v2\/posts\/23731\/revisions\/23732"}],"wp:featuredmedia":[{"embeddable":true,"href":"https:\/\/agendaparaguay.com\/v2\/wp-json\/wp\/v2\/media\/20851"}],"wp:attachment":[{"href":"https:\/\/agendaparaguay.com\/v2\/wp-json\/wp\/v2\/media?parent=23731"}],"wp:term":[{"taxonomy":"category","embeddable":true,"href":"https:\/\/agendaparaguay.com\/v2\/wp-json\/wp\/v2\/categories?post=23731"},{"taxonomy":"post_tag","embeddable":true,"href":"https:\/\/agendaparaguay.com\/v2\/wp-json\/wp\/v2\/tags?post=23731"}],"curies":[{"name":"wp","href":"https:\/\/api.w.org\/{rel}","templated":true}]}}