{"id":23905,"date":"2020-08-12T17:20:00","date_gmt":"2020-08-12T21:20:00","guid":{"rendered":"http:\/\/agendaparaguay.com\/v2\/?p=23905"},"modified":"2020-08-12T16:37:48","modified_gmt":"2020-08-12T20:37:48","slug":"fiscala-procesa-a-raulito-sanchez-quien-presento-certificados-medicos-falsos-por-264-dias-de-ausencias","status":"publish","type":"post","link":"https:\/\/agendaparaguay.com\/v2\/2020\/08\/12\/fiscala-procesa-a-raulito-sanchez-quien-presento-certificados-medicos-falsos-por-264-dias-de-ausencias\/","title":{"rendered":"Fiscala procesa a \u00abRaulito\u00bb S\u00e1nchez quien present\u00f3 certificados m\u00e9dicos falsos por 264 d\u00edas de ausencias"},"content":{"rendered":"<p style=\"text-align: justify;\">La agente fiscal Josefina Aghemo, formul\u00f3 imputaci\u00f3n contra Ra\u00fal S\u00e1nchez Benegas (40), funcionario de la Entidad Binacional Yacyret\u00e1, quien ser\u00eda responsable en la comisi\u00f3n del hecho punible de Estafa y Uso de Certificado de Salud de Contenido Falso.<!--more--><\/p>\n<p style=\"text-align: justify;\">\nEl ahora procesado se habr\u00eda ausentado a su lugar de trabajo durante 264 d\u00edas entre los meses de enero de 2019 a enero de 2020, justificando dicha situaci\u00f3n con diversos certificados m\u00e9dicos que ser\u00edan falsificados, percibiendo por esos meses su salario de manera \u00edntegra, sin que exista contraprestaci\u00f3n de servicios, causando de tal manera un perjuicio patrimonial de G 228.678.938 a Yacyret\u00e1.<\/p>\n<p style=\"text-align: justify;\">\nSeg\u00fan los antecedentes, el sospechado fue nombrado como funcionario permanente de la Entidad Binacional Yacyret\u00e1 por Resoluci\u00f3n n\u00b0 21350 de fecha 16 de enero de 2014, asign\u00e1ndole la categor\u00eda C-2 para ocupar un cargo administrativo.<\/p>\n<p style=\"text-align: justify;\">Durante el a\u00f1o 2019, ocup\u00f3 cargo administrativo en la Direcci\u00f3n de Coordinaci\u00f3n Social, con una asignaci\u00f3n mensual de m\u00e1s de 18.500.000 de guaran\u00edes, sin embargo, en el a\u00f1o 2019, habr\u00eda ido a su lugar de trabajo solamente por once d\u00edas durante ese a\u00f1o. Es as\u00ed que, entre los meses de enero a diciembre de 2019, adem\u00e1s de usufructuar sus vacaciones y permisos particulares, habr\u00eda justificado sus dem\u00e1s ausencias con certificados m\u00e9dicos por diferentes motivos de salud, supuestamente expedidos por profesionales m\u00e9dicos de distintas especialidades, percibiendo en todos los meses de ese a\u00f1o su salario y dem\u00e1s beneficios asignados.<\/p>\n<p style=\"text-align: justify;\">As\u00ed tambi\u00e9n, en el mes de enero de 2020, los d\u00edas 2 y 3 hizo uso de sus vacaciones; y del 4 al 31 de enero no constan sus marcaciones, ni tampoco el motivo y\/o justificaci\u00f3n de su inasistencia en la planilla de registro de entradas y salidas correspondiente al edificio H\u00e9roes de Marzo.<\/p>\n<p style=\"text-align: justify;\">Presumiblemente, estas circunstancias habr\u00edan dado lugar a que la Direcci\u00f3n de la entidad, en uso de sus atribuciones tomara la decisi\u00f3n de desvincular a S\u00e1nchez Benegas de la instituci\u00f3n conforme la Resoluci\u00f3n de Directores n\u00b0 24745 de fecha 7 de febrero de 2020.<\/p>\n<p style=\"text-align: justify;\">Igualmente de acuerdo a las pesquisas, durante el tiempo en que el encausado se ausentaba al trabajo por supuestos problemas de salud, habr\u00eda viajado al extranjero e inclusive al interior del pa\u00eds en varias oportunidades.<\/p>\n","protected":false},"excerpt":{"rendered":"<p>La agente fiscal Josefina Aghemo, formul\u00f3 imputaci\u00f3n contra Ra\u00fal S\u00e1nchez Benegas (40), funcionario de la Entidad Binacional Yacyret\u00e1, quien ser\u00eda responsable en la comisi\u00f3n del hecho punible de Estafa y&hellip; <\/p>\n","protected":false},"author":1,"featured_media":20851,"comment_status":"open","ping_status":"open","sticky":false,"template":"","format":"standard","meta":{"sfsi_plus_gutenberg_text_before_share":"","sfsi_plus_gutenberg_show_text_before_share":"","sfsi_plus_gutenberg_icon_type":"","sfsi_plus_gutenberg_icon_alignemt":"","sfsi_plus_gutenburg_max_per_row":"","footnotes":"","_jetpack_memberships_contains_paid_content":false,"jetpack_publicize_message":"","jetpack_publicize_feature_enabled":true,"jetpack_social_post_already_shared":false,"jetpack_social_options":{"image_generator_settings":{"template":"highway","enabled":false},"version":2}},"categories":[5],"tags":[],"jetpack_publicize_connections":[],"jetpack_sharing_enabled":true,"jetpack_featured_media_url":"https:\/\/agendaparaguay.com\/v2\/wp-content\/uploads\/2020\/05\/ministerio-publico-fachada.jpg","_links":{"self":[{"href":"https:\/\/agendaparaguay.com\/v2\/wp-json\/wp\/v2\/posts\/23905"}],"collection":[{"href":"https:\/\/agendaparaguay.com\/v2\/wp-json\/wp\/v2\/posts"}],"about":[{"href":"https:\/\/agendaparaguay.com\/v2\/wp-json\/wp\/v2\/types\/post"}],"author":[{"embeddable":true,"href":"https:\/\/agendaparaguay.com\/v2\/wp-json\/wp\/v2\/users\/1"}],"replies":[{"embeddable":true,"href":"https:\/\/agendaparaguay.com\/v2\/wp-json\/wp\/v2\/comments?post=23905"}],"version-history":[{"count":1,"href":"https:\/\/agendaparaguay.com\/v2\/wp-json\/wp\/v2\/posts\/23905\/revisions"}],"predecessor-version":[{"id":23906,"href":"https:\/\/agendaparaguay.com\/v2\/wp-json\/wp\/v2\/posts\/23905\/revisions\/23906"}],"wp:featuredmedia":[{"embeddable":true,"href":"https:\/\/agendaparaguay.com\/v2\/wp-json\/wp\/v2\/media\/20851"}],"wp:attachment":[{"href":"https:\/\/agendaparaguay.com\/v2\/wp-json\/wp\/v2\/media?parent=23905"}],"wp:term":[{"taxonomy":"category","embeddable":true,"href":"https:\/\/agendaparaguay.com\/v2\/wp-json\/wp\/v2\/categories?post=23905"},{"taxonomy":"post_tag","embeddable":true,"href":"https:\/\/agendaparaguay.com\/v2\/wp-json\/wp\/v2\/tags?post=23905"}],"curies":[{"name":"wp","href":"https:\/\/api.w.org\/{rel}","templated":true}]}}