{"id":23914,"date":"2020-08-12T19:40:16","date_gmt":"2020-08-12T23:40:16","guid":{"rendered":"http:\/\/agendaparaguay.com\/v2\/?p=23914"},"modified":"2020-08-12T19:30:22","modified_gmt":"2020-08-12T23:30:22","slug":"ministro-ordeno-intervencion-de-parque-de-medicamentos-de-cde","status":"publish","type":"post","link":"https:\/\/agendaparaguay.com\/v2\/2020\/08\/12\/ministro-ordeno-intervencion-de-parque-de-medicamentos-de-cde\/","title":{"rendered":"Ministro orden\u00f3 intervenci\u00f3n de parque de medicamentos de CDE"},"content":{"rendered":"<p style=\"text-align: justify;\">En la fecha se procedi\u00f3 al traslado de los medicamentos que se encontraban almacenados en un dep\u00f3sito en Ciudad del Este. Un equipo multidisciplinario realiza la investigaci\u00f3n de la situaci\u00f3n en la que se encontraron estos insumos y medicamentos.<!--more--><\/p>\n<p style=\"text-align: justify;\">\nEl Ministerio de Salud P\u00fablica y Bienestar Social procedi\u00f3 a realizar el traslado de los medicamentos que se encontraban en un parque sanitario y que requer\u00edan un traslado urgente. El Dr. Julio Mazzoleni, orden\u00f3 la apertura de la investigaci\u00f3n e inici\u00f3 varios procesos en paralelo, tales como una investigaci\u00f3n y pedido de informe, a cargo de la Direcci\u00f3n General de Asesor\u00eda Jur\u00eddica, el cual se encuentra en curso.<\/p>\n<p style=\"text-align: justify;\">Los medicamentos que est\u00e1n dentro del stock de la regi\u00f3n fueron enviados a un parque sanitario, ubicado en el hospital Integrado del Instituto de Previsi\u00f3n Social. Desde este punto se realizar\u00e1n los env\u00edos a los distintos servicios de la d\u00e9cima regi\u00f3n sanitaria.<\/p>\n<p style=\"text-align: justify;\">De igual manera, la Direcci\u00f3n Nacional de Vigilancia Sanitaria se constituy\u00f3 para el acompa\u00f1amiento de inspecci\u00f3n de los elementos encontrados en el referido establecimiento y hacer la verificaci\u00f3n en base a muestras sobre la calidad de los productos.<\/p>\n<p style=\"text-align: justify;\">En lo que respecta a los medicamentos vencidos, la Direcci\u00f3n General de Salud Ambiental (DIGESA) se encargar\u00e1 de la destrucci\u00f3n de los mismos, como lo establece las Resoluci\u00f3n N\u00b0 781\/2015 por la cual se establece la gu\u00eda de procedimientos para providenciar as medicinas en insumos vencidos y\/o deteriorados, en los establecimientos ministeriales.<\/p>\n<p style=\"text-align: justify;\">La X Regi\u00f3n Sanitaria se halla en la adecuaci\u00f3n de un establecimiento para que se establezca el lugar definitivo del Parque Sanitario Regional, seg\u00fan los est\u00e1ndares requeridos para el almacenamiento de Medicamentos e Insumos M\u00e9dicos.<\/p>\n<p style=\"text-align: justify;\">El Ministro de Salud realiza el seguimiento de todas estas instrucciones y tomar\u00e1 todas las medidas pertinentes para evitar que esta situaci\u00f3n se vuelva a repetir o que signifique un da\u00f1o patrimonial con el vencimiento de elementos que son requeridos en la atenci\u00f3n y tratamiento hospitalario.<\/p>\n","protected":false},"excerpt":{"rendered":"<p>En la fecha se procedi\u00f3 al traslado de los medicamentos que se encontraban almacenados en un dep\u00f3sito en Ciudad del Este. Un equipo multidisciplinario realiza la investigaci\u00f3n de la situaci\u00f3n&hellip; <\/p>\n","protected":false},"author":1,"featured_media":21825,"comment_status":"open","ping_status":"open","sticky":false,"template":"","format":"standard","meta":{"sfsi_plus_gutenberg_text_before_share":"","sfsi_plus_gutenberg_show_text_before_share":"","sfsi_plus_gutenberg_icon_type":"","sfsi_plus_gutenberg_icon_alignemt":"","sfsi_plus_gutenburg_max_per_row":"","footnotes":"","_jetpack_memberships_contains_paid_content":false,"jetpack_publicize_message":"","jetpack_publicize_feature_enabled":true,"jetpack_social_post_already_shared":false,"jetpack_social_options":{"image_generator_settings":{"template":"highway","enabled":false},"version":2}},"categories":[5],"tags":[],"jetpack_publicize_connections":[],"jetpack_sharing_enabled":true,"jetpack_featured_media_url":"https:\/\/agendaparaguay.com\/v2\/wp-content\/uploads\/2020\/06\/julio_mazzoleni_7.jpeg","_links":{"self":[{"href":"https:\/\/agendaparaguay.com\/v2\/wp-json\/wp\/v2\/posts\/23914"}],"collection":[{"href":"https:\/\/agendaparaguay.com\/v2\/wp-json\/wp\/v2\/posts"}],"about":[{"href":"https:\/\/agendaparaguay.com\/v2\/wp-json\/wp\/v2\/types\/post"}],"author":[{"embeddable":true,"href":"https:\/\/agendaparaguay.com\/v2\/wp-json\/wp\/v2\/users\/1"}],"replies":[{"embeddable":true,"href":"https:\/\/agendaparaguay.com\/v2\/wp-json\/wp\/v2\/comments?post=23914"}],"version-history":[{"count":1,"href":"https:\/\/agendaparaguay.com\/v2\/wp-json\/wp\/v2\/posts\/23914\/revisions"}],"predecessor-version":[{"id":23915,"href":"https:\/\/agendaparaguay.com\/v2\/wp-json\/wp\/v2\/posts\/23914\/revisions\/23915"}],"wp:featuredmedia":[{"embeddable":true,"href":"https:\/\/agendaparaguay.com\/v2\/wp-json\/wp\/v2\/media\/21825"}],"wp:attachment":[{"href":"https:\/\/agendaparaguay.com\/v2\/wp-json\/wp\/v2\/media?parent=23914"}],"wp:term":[{"taxonomy":"category","embeddable":true,"href":"https:\/\/agendaparaguay.com\/v2\/wp-json\/wp\/v2\/categories?post=23914"},{"taxonomy":"post_tag","embeddable":true,"href":"https:\/\/agendaparaguay.com\/v2\/wp-json\/wp\/v2\/tags?post=23914"}],"curies":[{"name":"wp","href":"https:\/\/api.w.org\/{rel}","templated":true}]}}