{"id":23990,"date":"2020-08-15T08:00:30","date_gmt":"2020-08-15T12:00:30","guid":{"rendered":"http:\/\/agendaparaguay.com\/v2\/?p=23990"},"modified":"2020-08-14T23:20:48","modified_gmt":"2020-08-15T03:20:48","slug":"nuevo-presidente-de-la-ande-promete-recuperar-imagen-institucional","status":"publish","type":"post","link":"https:\/\/agendaparaguay.com\/v2\/2020\/08\/15\/nuevo-presidente-de-la-ande-promete-recuperar-imagen-institucional\/","title":{"rendered":"Nuevo presidente de la ANDE promete recuperar imagen institucional"},"content":{"rendered":"<p style=\"text-align: justify;\">\u00abRecuperar la imagen institucional puesta en duda a partir de las denuncias de sobrefacturaciones\u00bb ser\u00e1 prioridad de la nueva administraci\u00f3n, seg\u00fan mencion\u00f3 el nuevo presidente, F\u00e9lix Sosa, quien asumi\u00f3 en la v\u00edspera, tras la renuncia de Luis Villordo.<!--more--><\/p>\n<p style=\"text-align: justify;\">Indic\u00f3 que apostar\u00e1 a mejorar la comunicaci\u00f3n institucional para hacer conocer la tarea institucional.<\/p>\n<p style=\"text-align: justify;\">A\u00f1adi\u00f3 en declaraciones a Radio \u00d1anduti que \u00abnecesita de grandes modernizaciones, fortalecimiento institucional, fortalecimiento en sistema de distribuci\u00f3n y transmisi\u00f3n\u00bb, entre otros.<\/p>\n<p style=\"text-align: justify;\">\u00abDebemos trabajar juntos para brindar lo mejor de nosotros a los compatriotas\u201d, resalt\u00f3 el nuevo titular del ente el\u00e9ctrico.<\/p>\n","protected":false},"excerpt":{"rendered":"<p>\u00abRecuperar la imagen institucional puesta en duda a partir de las denuncias de sobrefacturaciones\u00bb ser\u00e1 prioridad de la nueva administraci\u00f3n, seg\u00fan mencion\u00f3 el nuevo presidente, F\u00e9lix Sosa, quien asumi\u00f3 en&hellip; <\/p>\n","protected":false},"author":1,"featured_media":20969,"comment_status":"open","ping_status":"open","sticky":false,"template":"","format":"standard","meta":{"sfsi_plus_gutenberg_text_before_share":"","sfsi_plus_gutenberg_show_text_before_share":"","sfsi_plus_gutenberg_icon_type":"","sfsi_plus_gutenberg_icon_alignemt":"","sfsi_plus_gutenburg_max_per_row":"","footnotes":"","_jetpack_memberships_contains_paid_content":false,"jetpack_publicize_message":"","jetpack_publicize_feature_enabled":true,"jetpack_social_post_already_shared":false,"jetpack_social_options":{"image_generator_settings":{"template":"highway","enabled":false},"version":2}},"categories":[5],"tags":[],"jetpack_publicize_connections":[],"jetpack_sharing_enabled":true,"jetpack_featured_media_url":"https:\/\/agendaparaguay.com\/v2\/wp-content\/uploads\/2020\/05\/ande_fila_reclamos.jpg","_links":{"self":[{"href":"https:\/\/agendaparaguay.com\/v2\/wp-json\/wp\/v2\/posts\/23990"}],"collection":[{"href":"https:\/\/agendaparaguay.com\/v2\/wp-json\/wp\/v2\/posts"}],"about":[{"href":"https:\/\/agendaparaguay.com\/v2\/wp-json\/wp\/v2\/types\/post"}],"author":[{"embeddable":true,"href":"https:\/\/agendaparaguay.com\/v2\/wp-json\/wp\/v2\/users\/1"}],"replies":[{"embeddable":true,"href":"https:\/\/agendaparaguay.com\/v2\/wp-json\/wp\/v2\/comments?post=23990"}],"version-history":[{"count":1,"href":"https:\/\/agendaparaguay.com\/v2\/wp-json\/wp\/v2\/posts\/23990\/revisions"}],"predecessor-version":[{"id":23991,"href":"https:\/\/agendaparaguay.com\/v2\/wp-json\/wp\/v2\/posts\/23990\/revisions\/23991"}],"wp:featuredmedia":[{"embeddable":true,"href":"https:\/\/agendaparaguay.com\/v2\/wp-json\/wp\/v2\/media\/20969"}],"wp:attachment":[{"href":"https:\/\/agendaparaguay.com\/v2\/wp-json\/wp\/v2\/media?parent=23990"}],"wp:term":[{"taxonomy":"category","embeddable":true,"href":"https:\/\/agendaparaguay.com\/v2\/wp-json\/wp\/v2\/categories?post=23990"},{"taxonomy":"post_tag","embeddable":true,"href":"https:\/\/agendaparaguay.com\/v2\/wp-json\/wp\/v2\/tags?post=23990"}],"curies":[{"name":"wp","href":"https:\/\/api.w.org\/{rel}","templated":true}]}}