{"id":24017,"date":"2020-08-17T08:00:48","date_gmt":"2020-08-17T12:00:48","guid":{"rendered":"http:\/\/agendaparaguay.com\/v2\/?p=24017"},"modified":"2020-08-17T08:23:49","modified_gmt":"2020-08-17T12:23:49","slug":"silva-facetti-defiende-necesidad-de-migrar-hacia-el-seguro-agricola-para-mitigar-riesgos","status":"publish","type":"post","link":"https:\/\/agendaparaguay.com\/v2\/2020\/08\/17\/silva-facetti-defiende-necesidad-de-migrar-hacia-el-seguro-agricola-para-mitigar-riesgos\/","title":{"rendered":"Silva Facetti defiende necesidad de migrar hacia el Seguro Agr\u00edcola para mitigar riesgos"},"content":{"rendered":"<p style=\"text-align: justify;\">En senador Fernado Silva Facetti defendi\u00f3 la necesidad de migrar hacia el seguro agr\u00edcola para mitigar riesgos. As\u00ed explic\u00f3 el parlamentario al tiempo de confirmar que el pr\u00f3ximo 3 de setiembre se analizar\u00e1 en la plenaria del Senado tres proyectos tendientes a este tema.<!--more--><\/p>\n<p style=\"text-align: justify;\">El legislador explic\u00f3 que el pasado jueves, a pedido del senador Hugo Richer, aprobaron por moci\u00f3n de preferencia, establecer esta fecha para el an\u00e1lisis de las propuestas de normativa, que permitir\u00e1 resolver la problem\u00e1tica derivada de los riesgos que asumen los productores del campo.<br \/>\n.<\/p>\n<p style=\"text-align: justify;\">Silva Facetti a\u00f1adi\u00f3 que existen tres proyectos que ser\u00e1n sometidos a consideraci\u00f3n de la plenaria, uno de ellos presentado por la bancada A del Partido Liberal, el segundo por la bancada del Frente Guaz\u00fa y un tercer proyecto presentado por el Frente Parlamentario Contra el Hambre.<\/p>\n<p style=\"text-align: justify;\">\u00abEl que presentamos los miembros de la bancada del Partido Liberal tiene como beneficiarios a todas las unidades Productivas del sector agr\u00edcola, pero cuenta con programas especiales para las poblaciones m\u00e1s vulnerables. Est\u00e1 ligado al cr\u00e9dito, y para el cr\u00e9dito p\u00fablico es obligatorio, para el privado es opcional; e instituye un Fondo Compensatorio para el Seguro Agr\u00edcola el cual promover\u00e1 el desarrollo de informaci\u00f3n e investigaci\u00f3n aplicada al riesgo agr\u00edcola\u00bb, resalt\u00f3 el legislador liberal.<\/p>\n<p style=\"text-align: justify;\">Indic\u00f3 que el proyectado por la bancada del Frente Guaz\u00fa tiene como beneficiarios a los miembros de la Agricultura Familiar Campesina; no est\u00e1 ligado al cr\u00e9dito y crea un Fondo de Garant\u00eda para los fines del pago de las indemnizaciones, el cual est\u00e1 constituido por un aporte estatal de USD 50 millones por a\u00f1o, a ser desembolsados por 20 a\u00f1os consecutivos.<\/p>\n<p style=\"text-align: justify;\">En cuanto a la propuesta del Frente Parlamentario Contra el Hambre, dijo que tiene como beneficiarios a los miembros de la Agricultura Familiar Campesina, estipula el seguro sin cr\u00e9dito y con cr\u00e9dito, e instituye un Fondo de Garant\u00eda creado para los fines del pago del seguro no vinculado al cr\u00e9dito, consiste en m\u00ednimo USD 25 millones.<\/p>\n<p style=\"text-align: justify;\">\u00abSon tres visiones distintas de la figura del Seguro Agr\u00edcola, donde entiendo la importancia de migrar hacia la cultura de mitigar riesgos, tan necesario en la actividad agr\u00edcola. Su tratamiento est\u00e1 previsto para el pr\u00f3ximo 3 de setiembre\u00bb, concluy\u00f3 el parlamentario.<\/p>\n","protected":false},"excerpt":{"rendered":"<p>En senador Fernado Silva Facetti defendi\u00f3 la necesidad de migrar hacia el seguro agr\u00edcola para mitigar riesgos. As\u00ed explic\u00f3 el parlamentario al tiempo de confirmar que el pr\u00f3ximo 3 de&hellip; <\/p>\n","protected":false},"author":1,"featured_media":4125,"comment_status":"open","ping_status":"open","sticky":false,"template":"","format":"standard","meta":{"sfsi_plus_gutenberg_text_before_share":"","sfsi_plus_gutenberg_show_text_before_share":"","sfsi_plus_gutenberg_icon_type":"","sfsi_plus_gutenberg_icon_alignemt":"","sfsi_plus_gutenburg_max_per_row":"","footnotes":"","_jetpack_memberships_contains_paid_content":false,"jetpack_publicize_message":"","jetpack_publicize_feature_enabled":true,"jetpack_social_post_already_shared":false,"jetpack_social_options":{"image_generator_settings":{"template":"highway","enabled":false},"version":2}},"categories":[3],"tags":[],"jetpack_publicize_connections":[],"jetpack_sharing_enabled":true,"jetpack_featured_media_url":"https:\/\/agendaparaguay.com\/v2\/wp-content\/uploads\/2019\/02\/sen_silva_facetti_1.jpeg","_links":{"self":[{"href":"https:\/\/agendaparaguay.com\/v2\/wp-json\/wp\/v2\/posts\/24017"}],"collection":[{"href":"https:\/\/agendaparaguay.com\/v2\/wp-json\/wp\/v2\/posts"}],"about":[{"href":"https:\/\/agendaparaguay.com\/v2\/wp-json\/wp\/v2\/types\/post"}],"author":[{"embeddable":true,"href":"https:\/\/agendaparaguay.com\/v2\/wp-json\/wp\/v2\/users\/1"}],"replies":[{"embeddable":true,"href":"https:\/\/agendaparaguay.com\/v2\/wp-json\/wp\/v2\/comments?post=24017"}],"version-history":[{"count":1,"href":"https:\/\/agendaparaguay.com\/v2\/wp-json\/wp\/v2\/posts\/24017\/revisions"}],"predecessor-version":[{"id":24018,"href":"https:\/\/agendaparaguay.com\/v2\/wp-json\/wp\/v2\/posts\/24017\/revisions\/24018"}],"wp:featuredmedia":[{"embeddable":true,"href":"https:\/\/agendaparaguay.com\/v2\/wp-json\/wp\/v2\/media\/4125"}],"wp:attachment":[{"href":"https:\/\/agendaparaguay.com\/v2\/wp-json\/wp\/v2\/media?parent=24017"}],"wp:term":[{"taxonomy":"category","embeddable":true,"href":"https:\/\/agendaparaguay.com\/v2\/wp-json\/wp\/v2\/categories?post=24017"},{"taxonomy":"post_tag","embeddable":true,"href":"https:\/\/agendaparaguay.com\/v2\/wp-json\/wp\/v2\/tags?post=24017"}],"curies":[{"name":"wp","href":"https:\/\/api.w.org\/{rel}","templated":true}]}}