{"id":24034,"date":"2020-08-17T14:08:16","date_gmt":"2020-08-17T18:08:16","guid":{"rendered":"http:\/\/agendaparaguay.com\/v2\/?p=24034"},"modified":"2020-08-17T14:08:16","modified_gmt":"2020-08-17T18:08:16","slug":"abdo-afirma-que-ejecutivo-sigue-itinerario-trazado-sobre-renegociacion-del-tratado","status":"publish","type":"post","link":"https:\/\/agendaparaguay.com\/v2\/2020\/08\/17\/abdo-afirma-que-ejecutivo-sigue-itinerario-trazado-sobre-renegociacion-del-tratado\/","title":{"rendered":"Abdo afirma que Ejecutivo sigue itinerario trazado sobre Renegociaci\u00f3n del Tratado"},"content":{"rendered":"<p style=\"text-align: justify;\">El presidente de la rep\u00fablica, Mario Abdo Ben\u00edtez fue consultado hoy en di\u00e1logo con Radio Monumental sobre la renegociaci\u00f3n del Anexo C del Tratado de la Itaipu, punto en que record\u00f3 que en el 2019 fue trazada una hoja de ruta que \u00abse est\u00e1 cumpliendo sin muchos contratiempos\u201d.<!--more--><\/p>\n<p style=\"text-align: justify;\">Inform\u00f3 que hace unos d\u00edas recibi\u00f3 un informe del equipo negociador y que ya se remitieron notas a los diferentes partidos pol\u00edticos, instituciones y gremios vinculados al tema, para que puedan realizar su contribuci\u00f3n a la propuesta paraguaya.<\/p>\n<p style=\"text-align: justify;\">\u201cTodo eso est\u00e1 caminando, tambi\u00e9n decidimos avanzar en una conversaci\u00f3n con Brasil para la construcci\u00f3n de la esclusa de navegaci\u00f3n en Itaipu, que puede contribuir, por la envergadura de la obra, a la reactivaci\u00f3n econ\u00f3mica de la regi\u00f3n y es una obra que est\u00e1 aprobado dentro del Anexo B de tratado y dice que debe ser llevado adelante en el tiempo oportuno y por eso le estamos proponiendo al Brasil porque consideramos que este es el tiempo oportuno para ambos pa\u00edses\u201d, detall\u00f3.<\/p>\n<p style=\"text-align: justify;\">El gobernante se mostr\u00f3 confiando en que el Paraguay podr\u00e1 producir mucho de los productos que el mundo requiere para su recuperaci\u00f3n econ\u00f3mica pospandemia, por lo que reafirm\u00f3 que \u201ctenemos motivos para ser optimistas pero para eso necesitamos los grandes consensos\u201d. Fuente: Ip.<\/p>\n","protected":false},"excerpt":{"rendered":"<p>El presidente de la rep\u00fablica, Mario Abdo Ben\u00edtez fue consultado hoy en di\u00e1logo con Radio Monumental sobre la renegociaci\u00f3n del Anexo C del Tratado de la Itaipu, punto en que&hellip; <\/p>\n","protected":false},"author":1,"featured_media":6757,"comment_status":"open","ping_status":"open","sticky":false,"template":"","format":"standard","meta":{"sfsi_plus_gutenberg_text_before_share":"","sfsi_plus_gutenberg_show_text_before_share":"","sfsi_plus_gutenberg_icon_type":"","sfsi_plus_gutenberg_icon_alignemt":"","sfsi_plus_gutenburg_max_per_row":"","footnotes":"","_jetpack_memberships_contains_paid_content":false,"jetpack_publicize_message":"","jetpack_publicize_feature_enabled":true,"jetpack_social_post_already_shared":false,"jetpack_social_options":{"image_generator_settings":{"template":"highway","enabled":false},"version":2}},"categories":[2],"tags":[],"jetpack_publicize_connections":[],"jetpack_sharing_enabled":true,"jetpack_featured_media_url":"https:\/\/agendaparaguay.com\/v2\/wp-content\/uploads\/2019\/04\/itaipu_complejo.jpeg","_links":{"self":[{"href":"https:\/\/agendaparaguay.com\/v2\/wp-json\/wp\/v2\/posts\/24034"}],"collection":[{"href":"https:\/\/agendaparaguay.com\/v2\/wp-json\/wp\/v2\/posts"}],"about":[{"href":"https:\/\/agendaparaguay.com\/v2\/wp-json\/wp\/v2\/types\/post"}],"author":[{"embeddable":true,"href":"https:\/\/agendaparaguay.com\/v2\/wp-json\/wp\/v2\/users\/1"}],"replies":[{"embeddable":true,"href":"https:\/\/agendaparaguay.com\/v2\/wp-json\/wp\/v2\/comments?post=24034"}],"version-history":[{"count":1,"href":"https:\/\/agendaparaguay.com\/v2\/wp-json\/wp\/v2\/posts\/24034\/revisions"}],"predecessor-version":[{"id":24035,"href":"https:\/\/agendaparaguay.com\/v2\/wp-json\/wp\/v2\/posts\/24034\/revisions\/24035"}],"wp:featuredmedia":[{"embeddable":true,"href":"https:\/\/agendaparaguay.com\/v2\/wp-json\/wp\/v2\/media\/6757"}],"wp:attachment":[{"href":"https:\/\/agendaparaguay.com\/v2\/wp-json\/wp\/v2\/media?parent=24034"}],"wp:term":[{"taxonomy":"category","embeddable":true,"href":"https:\/\/agendaparaguay.com\/v2\/wp-json\/wp\/v2\/categories?post=24034"},{"taxonomy":"post_tag","embeddable":true,"href":"https:\/\/agendaparaguay.com\/v2\/wp-json\/wp\/v2\/tags?post=24034"}],"curies":[{"name":"wp","href":"https:\/\/api.w.org\/{rel}","templated":true}]}}