{"id":24067,"date":"2020-08-18T09:30:25","date_gmt":"2020-08-18T13:30:25","guid":{"rendered":"http:\/\/agendaparaguay.com\/v2\/?p=24067"},"modified":"2020-08-18T09:33:35","modified_gmt":"2020-08-18T13:33:35","slug":"nuevo-director-de-la-caminera-nunca-fue-imputado-por-homicidio-doloso-segun-abogado","status":"publish","type":"post","link":"https:\/\/agendaparaguay.com\/v2\/2020\/08\/18\/nuevo-director-de-la-caminera-nunca-fue-imputado-por-homicidio-doloso-segun-abogado\/","title":{"rendered":"Nuevo Director de la Caminera nunca fue imputado por homicidio doloso, seg\u00fan abogado"},"content":{"rendered":"<p style=\"text-align: justify;\">Pese a reconocer que s\u00ed fue imputado por violaci\u00f3n de cuarentena sanitaria y por accidente de tr\u00e1nsito con derivaci\u00f3n fatal en Itap\u00faa, el Abogado Daniel B\u00e1ez, recientemente nombrado Director de la Patrulla Caminera nunca fue imputado por homicidio doloso, aclar\u00f3 su abogado Osvaldo Cabrera, en declaraciones a \u00d1anduti.<!--more--><\/p>\n<p style=\"text-align: justify;\">Cabrera a\u00f1adi\u00f3 que est\u00e1n cerca de que se desestime la causa, ya que el alcotest que practicaron en su momento a su defendido dio negativo. Adem\u00e1s dos testigos afirman en el mismo sentido que la v\u00edctima fue quien cometi\u00f3 la imprudencia y provoc\u00f3 el accidente.<\/p>\n<p style=\"text-align: justify;\">Resalt\u00f3 adem\u00e1s que cuentan con im\u00e1genes de circuito cerrado de una entidad bancaria donde se observa la alta velocidad y la brusca maniobra que realiz\u00f3 el ahora fallecido.<\/p>\n<p style=\"text-align: justify;\">Finalmente, el abogado explic\u00f3 a la radioemisora que su cliente fue imputado durante la cuarentena total, el d\u00eda del padre, pero est\u00e1 por desligarse de esa causa.<\/p>\n","protected":false},"excerpt":{"rendered":"<p>Pese a reconocer que s\u00ed fue imputado por violaci\u00f3n de cuarentena sanitaria y por accidente de tr\u00e1nsito con derivaci\u00f3n fatal en Itap\u00faa, el Abogado Daniel B\u00e1ez, recientemente nombrado Director de&hellip; <\/p>\n","protected":false},"author":1,"featured_media":24068,"comment_status":"open","ping_status":"open","sticky":false,"template":"","format":"standard","meta":{"sfsi_plus_gutenberg_text_before_share":"","sfsi_plus_gutenberg_show_text_before_share":"","sfsi_plus_gutenberg_icon_type":"","sfsi_plus_gutenberg_icon_alignemt":"","sfsi_plus_gutenburg_max_per_row":"","footnotes":"","_jetpack_memberships_contains_paid_content":false,"jetpack_publicize_message":"","jetpack_publicize_feature_enabled":true,"jetpack_social_post_already_shared":false,"jetpack_social_options":{"image_generator_settings":{"template":"highway","enabled":false},"version":2}},"categories":[5],"tags":[],"jetpack_publicize_connections":[],"jetpack_sharing_enabled":true,"jetpack_featured_media_url":"https:\/\/agendaparaguay.com\/v2\/wp-content\/uploads\/2020\/08\/director_caminera_1.png","_links":{"self":[{"href":"https:\/\/agendaparaguay.com\/v2\/wp-json\/wp\/v2\/posts\/24067"}],"collection":[{"href":"https:\/\/agendaparaguay.com\/v2\/wp-json\/wp\/v2\/posts"}],"about":[{"href":"https:\/\/agendaparaguay.com\/v2\/wp-json\/wp\/v2\/types\/post"}],"author":[{"embeddable":true,"href":"https:\/\/agendaparaguay.com\/v2\/wp-json\/wp\/v2\/users\/1"}],"replies":[{"embeddable":true,"href":"https:\/\/agendaparaguay.com\/v2\/wp-json\/wp\/v2\/comments?post=24067"}],"version-history":[{"count":1,"href":"https:\/\/agendaparaguay.com\/v2\/wp-json\/wp\/v2\/posts\/24067\/revisions"}],"predecessor-version":[{"id":24069,"href":"https:\/\/agendaparaguay.com\/v2\/wp-json\/wp\/v2\/posts\/24067\/revisions\/24069"}],"wp:featuredmedia":[{"embeddable":true,"href":"https:\/\/agendaparaguay.com\/v2\/wp-json\/wp\/v2\/media\/24068"}],"wp:attachment":[{"href":"https:\/\/agendaparaguay.com\/v2\/wp-json\/wp\/v2\/media?parent=24067"}],"wp:term":[{"taxonomy":"category","embeddable":true,"href":"https:\/\/agendaparaguay.com\/v2\/wp-json\/wp\/v2\/categories?post=24067"},{"taxonomy":"post_tag","embeddable":true,"href":"https:\/\/agendaparaguay.com\/v2\/wp-json\/wp\/v2\/tags?post=24067"}],"curies":[{"name":"wp","href":"https:\/\/api.w.org\/{rel}","templated":true}]}}