{"id":24199,"date":"2020-08-21T09:00:39","date_gmt":"2020-08-21T13:00:39","guid":{"rendered":"http:\/\/agendaparaguay.com\/v2\/?p=24199"},"modified":"2020-08-21T08:58:16","modified_gmt":"2020-08-21T12:58:16","slug":"plantean-suspender-salida-de-buses-de-mediana-y-larga-distancia","status":"publish","type":"post","link":"https:\/\/agendaparaguay.com\/v2\/2020\/08\/21\/plantean-suspender-salida-de-buses-de-mediana-y-larga-distancia\/","title":{"rendered":"Plantean suspender salida de buses de mediana y larga distancia los fines de semana"},"content":{"rendered":"<p style=\"text-align: justify;\">Tras el anuncio por parte del Poder Ejecutivo sobre la entrada en vigencia por dos semanas de la cuarentena social que apunta a reducir el n\u00famero de contagios, se estableci\u00f3 como una de las medidas reducir el desplazamiento de personas de Asunci\u00f3n y Central hacia el interior del pa\u00eds.<!--more--><\/p>\n<p style=\"text-align: justify;\">En este marco, el Director de Dinatran, Juan Jos\u00e9 Vidal se\u00f1al\u00f3 a Radio \u00d1anduti que instituci\u00f3n a us cargo plantea suspender las salidas de los buses de corta, mediana y larga distancia desde las 00:00 o desde las 12:00 del viernes al lunes a las 06:00 horas.<\/p>\n<p style=\"text-align: justify;\">La propuesta ser\u00e1 analizada en la fecha y la Resoluci\u00f3n dar\u00e1 a conocer las pr\u00f3ximas horas.<\/p>\n<p style=\"text-align: justify;\">El principal objetivo, seg\u00fan explic\u00f3 en la v\u00edspera el Ministro de Salud P\u00fablica es reducir al m\u00ednimo el movimiento de personas en el \u00e1mbito social, ya que es all\u00ed donde se genera la mayor cantidad de contagios del COVID19.<\/p>\n","protected":false},"excerpt":{"rendered":"<p>Tras el anuncio por parte del Poder Ejecutivo sobre la entrada en vigencia por dos semanas de la cuarentena social que apunta a reducir el n\u00famero de contagios, se estableci\u00f3&hellip; <\/p>\n","protected":false},"author":1,"featured_media":17337,"comment_status":"open","ping_status":"open","sticky":false,"template":"","format":"standard","meta":{"sfsi_plus_gutenberg_text_before_share":"","sfsi_plus_gutenberg_show_text_before_share":"","sfsi_plus_gutenberg_icon_type":"","sfsi_plus_gutenberg_icon_alignemt":"","sfsi_plus_gutenburg_max_per_row":"","footnotes":"","_jetpack_memberships_contains_paid_content":false,"jetpack_publicize_message":"","jetpack_publicize_feature_enabled":true,"jetpack_social_post_already_shared":false,"jetpack_social_options":{"image_generator_settings":{"template":"highway","enabled":false},"version":2}},"categories":[5],"tags":[],"jetpack_publicize_connections":[],"jetpack_sharing_enabled":true,"jetpack_featured_media_url":"https:\/\/agendaparaguay.com\/v2\/wp-content\/uploads\/2020\/02\/dinatran_controles_verano.jpeg","_links":{"self":[{"href":"https:\/\/agendaparaguay.com\/v2\/wp-json\/wp\/v2\/posts\/24199"}],"collection":[{"href":"https:\/\/agendaparaguay.com\/v2\/wp-json\/wp\/v2\/posts"}],"about":[{"href":"https:\/\/agendaparaguay.com\/v2\/wp-json\/wp\/v2\/types\/post"}],"author":[{"embeddable":true,"href":"https:\/\/agendaparaguay.com\/v2\/wp-json\/wp\/v2\/users\/1"}],"replies":[{"embeddable":true,"href":"https:\/\/agendaparaguay.com\/v2\/wp-json\/wp\/v2\/comments?post=24199"}],"version-history":[{"count":2,"href":"https:\/\/agendaparaguay.com\/v2\/wp-json\/wp\/v2\/posts\/24199\/revisions"}],"predecessor-version":[{"id":24201,"href":"https:\/\/agendaparaguay.com\/v2\/wp-json\/wp\/v2\/posts\/24199\/revisions\/24201"}],"wp:featuredmedia":[{"embeddable":true,"href":"https:\/\/agendaparaguay.com\/v2\/wp-json\/wp\/v2\/media\/17337"}],"wp:attachment":[{"href":"https:\/\/agendaparaguay.com\/v2\/wp-json\/wp\/v2\/media?parent=24199"}],"wp:term":[{"taxonomy":"category","embeddable":true,"href":"https:\/\/agendaparaguay.com\/v2\/wp-json\/wp\/v2\/categories?post=24199"},{"taxonomy":"post_tag","embeddable":true,"href":"https:\/\/agendaparaguay.com\/v2\/wp-json\/wp\/v2\/tags?post=24199"}],"curies":[{"name":"wp","href":"https:\/\/api.w.org\/{rel}","templated":true}]}}