{"id":24394,"date":"2020-08-26T19:10:27","date_gmt":"2020-08-26T23:10:27","guid":{"rendered":"http:\/\/agendaparaguay.com\/v2\/?p=24394"},"modified":"2020-08-26T19:10:27","modified_gmt":"2020-08-26T23:10:27","slug":"ineram-recibe-reactivos-para-proseguir-con-toma-de-muestras-covid19","status":"publish","type":"post","link":"https:\/\/agendaparaguay.com\/v2\/2020\/08\/26\/ineram-recibe-reactivos-para-proseguir-con-toma-de-muestras-covid19\/","title":{"rendered":"INERAM recibe reactivos para proseguir con toma de muestras COVID19"},"content":{"rendered":"<p style=\"text-align: justify;\">La informaci\u00f3n fue confirmada por el Dr. Felipe Gonz\u00e1lez, director del Instituto Nacional de Enfermedades Respiratorias y del Ambiente (INERAM), quien resalt\u00f3 que la provisi\u00f3n de reactivos permitir\u00e1 un abastecimiento los pr\u00f3ximos 10 d\u00edas.<!--more--><\/p>\n<p style=\"text-align: justify;\">\u201cHemos recibido 2.000 determinaciones y nos encontramos a la espera de que las licitaciones puedan finiquitar. Estos insumos nos servir\u00e1n 10 d\u00edas. Seguimos gerenciando para conseguir m\u00e1s a la espera de la provisi\u00f3n de este llamado\u201d, asever\u00f3.<\/p>\n<p style=\"text-align: justify;\">Son 160 muestras aproximadamente que ser\u00e1n procesadas en la fecha, entre pacientes ambulatorios, internados y Terapia Intensiva.<\/p>\n<p style=\"text-align: justify;\">Por otra parte, el Director del INERAM manifest\u00f3 que recibi\u00f3 quejas respecto a elementos que son solicitados a los familiares internados en terapia (principalmente) a lo que justific\u00f3 que son requerimientos que no est\u00e1n contemplados dentro del listado esencial prove\u00eddo por el Ministerio de Salud.<\/p>\n<p style=\"text-align: justify;\">Estos materiales solicitados tienen que ver con elementos de aseo personal para depilaci\u00f3n, desodorantes o incluso pa\u00f1ales, por lo que se hace la comunicaci\u00f3n pertinente a los familiares y en caso de que exista un pedido de ayuda, se da en estos conceptos.<\/p>\n","protected":false},"excerpt":{"rendered":"<p>La informaci\u00f3n fue confirmada por el Dr. Felipe Gonz\u00e1lez, director del Instituto Nacional de Enfermedades Respiratorias y del Ambiente (INERAM), quien resalt\u00f3 que la provisi\u00f3n de reactivos permitir\u00e1 un abastecimiento&hellip; <\/p>\n","protected":false},"author":1,"featured_media":20048,"comment_status":"open","ping_status":"open","sticky":false,"template":"","format":"standard","meta":{"sfsi_plus_gutenberg_text_before_share":"","sfsi_plus_gutenberg_show_text_before_share":"","sfsi_plus_gutenberg_icon_type":"","sfsi_plus_gutenberg_icon_alignemt":"","sfsi_plus_gutenburg_max_per_row":"","footnotes":"","_jetpack_memberships_contains_paid_content":false,"jetpack_publicize_message":"","jetpack_publicize_feature_enabled":true,"jetpack_social_post_already_shared":false,"jetpack_social_options":{"image_generator_settings":{"template":"highway","enabled":false},"version":2}},"categories":[5],"tags":[],"jetpack_publicize_connections":[],"jetpack_sharing_enabled":true,"jetpack_featured_media_url":"https:\/\/agendaparaguay.com\/v2\/wp-content\/uploads\/2020\/04\/marito_mazzoleni_ineran.jpeg","_links":{"self":[{"href":"https:\/\/agendaparaguay.com\/v2\/wp-json\/wp\/v2\/posts\/24394"}],"collection":[{"href":"https:\/\/agendaparaguay.com\/v2\/wp-json\/wp\/v2\/posts"}],"about":[{"href":"https:\/\/agendaparaguay.com\/v2\/wp-json\/wp\/v2\/types\/post"}],"author":[{"embeddable":true,"href":"https:\/\/agendaparaguay.com\/v2\/wp-json\/wp\/v2\/users\/1"}],"replies":[{"embeddable":true,"href":"https:\/\/agendaparaguay.com\/v2\/wp-json\/wp\/v2\/comments?post=24394"}],"version-history":[{"count":1,"href":"https:\/\/agendaparaguay.com\/v2\/wp-json\/wp\/v2\/posts\/24394\/revisions"}],"predecessor-version":[{"id":24395,"href":"https:\/\/agendaparaguay.com\/v2\/wp-json\/wp\/v2\/posts\/24394\/revisions\/24395"}],"wp:featuredmedia":[{"embeddable":true,"href":"https:\/\/agendaparaguay.com\/v2\/wp-json\/wp\/v2\/media\/20048"}],"wp:attachment":[{"href":"https:\/\/agendaparaguay.com\/v2\/wp-json\/wp\/v2\/media?parent=24394"}],"wp:term":[{"taxonomy":"category","embeddable":true,"href":"https:\/\/agendaparaguay.com\/v2\/wp-json\/wp\/v2\/categories?post=24394"},{"taxonomy":"post_tag","embeddable":true,"href":"https:\/\/agendaparaguay.com\/v2\/wp-json\/wp\/v2\/tags?post=24394"}],"curies":[{"name":"wp","href":"https:\/\/api.w.org\/{rel}","templated":true}]}}