{"id":24401,"date":"2020-08-27T08:00:55","date_gmt":"2020-08-27T12:00:55","guid":{"rendered":"http:\/\/agendaparaguay.com\/v2\/?p=24401"},"modified":"2020-08-26T23:19:53","modified_gmt":"2020-08-27T03:19:53","slug":"senado-revisara-cambios-en-arancel-cero-que-aprobo-ayer-diputados","status":"publish","type":"post","link":"https:\/\/agendaparaguay.com\/v2\/2020\/08\/27\/senado-revisara-cambios-en-arancel-cero-que-aprobo-ayer-diputados\/","title":{"rendered":"Senado revisar\u00e1 cambios en \u00abArancel Cero\u00bb que aprob\u00f3 ayer Diputados"},"content":{"rendered":"<p style=\"text-align: justify;\">El proyecto de ley de \u00abArancel Cero\u00bb en las universidades p\u00fablicas fue aprobado ayer con modificaciones y no se descarta que en la v\u00edspera el Senado revise las modificaciones y decida si lo aprueba o se ratifica en la sanci\u00f3n inicial.<!--more--><\/p>\n<p style=\"text-align: justify;\">Entre las modificaciones, se incluye a m\u00e1s de las universidades p\u00fablicas, al Instituto Superior de Bellas Artes, Instituto Nacional de Educaci\u00f3n Superior y a institutos de formaci\u00f3n docente.<\/p>\n<p style=\"text-align: justify;\">Se estableci\u00f3, adem\u00e1s, la gratuidad para los cursos de admisi\u00f3n, lo mismo que la creaci\u00f3n un Fondo para Becas y Ayuda, con el remanente que resultare de la aplicaci\u00f3n de la ley, a ser destinado tanto para el otorgamiento de becas, como para la provisi\u00f3n de materiales de los cursos de admisi\u00f3n y de grado.<\/p>\n<p style=\"text-align: justify;\">Otra de las modificaciones aprobadas establece que la gratuidad para los egresados de las instituciones de la Educaci\u00f3n Media del sector oficial o subvencionado y, para aquellos que se encuentren en estado de vulnerabilidad, estado que ser\u00e1 acreditado por el Poder Ejecutivo a trav\u00e9s de un decreto reglamentario.<\/p>\n<p style=\"text-align: justify;\">El diputado Sebasti\u00e1n Villarejo, indic\u00f3 que es necesario establecer estas modificaciones, que, de manera paulatina, potencie la educaci\u00f3n terciaria de acuerdo a la realidad econ\u00f3mica. Afirm\u00f3 que la versi\u00f3n del Senado, podr\u00eda afectar, seriamente, la inversi\u00f3n de la educaci\u00f3n de la primera infancia y la implementaci\u00f3n tecnol\u00f3gica en el sector educativo, atendiendo el recorte que propone para financiar la gratuidad de la educaci\u00f3n universitaria.<\/p>\n<p style=\"text-align: justify;\">En la misma l\u00ednea se pronunci\u00f3 el diputado Justo Zacar\u00edas, quien refiri\u00f3 que es necesario establecer herramientas que permitan brindar mayores oportunidades a aquellos que no cuentan con las condiciones socioecon\u00f3micas para estudiar.<\/p>\n<p style=\"text-align: justify;\">En contrapartida, el diputado Celso Kennedy, solicit\u00f3 la aprobaci\u00f3n, sin modificaciones, tal como fue enviado por la C\u00e1mara de Senadores. La propuesta no prosper\u00f3.<\/p>\n<p style=\"text-align: justify;\">Finalmente, el documento fue aprobado con las modificaciones por lo que el Senado podr\u00eda hoy sobre tablas revisar nuevamente el documento.<\/p>\n","protected":false},"excerpt":{"rendered":"<p>El proyecto de ley de \u00abArancel Cero\u00bb en las universidades p\u00fablicas fue aprobado ayer con modificaciones y no se descarta que en la v\u00edspera el Senado revise las modificaciones y&hellip; <\/p>\n","protected":false},"author":1,"featured_media":23928,"comment_status":"open","ping_status":"open","sticky":false,"template":"","format":"standard","meta":{"sfsi_plus_gutenberg_text_before_share":"","sfsi_plus_gutenberg_show_text_before_share":"","sfsi_plus_gutenberg_icon_type":"","sfsi_plus_gutenberg_icon_alignemt":"","sfsi_plus_gutenburg_max_per_row":"","footnotes":"","_jetpack_memberships_contains_paid_content":false,"jetpack_publicize_message":"","jetpack_publicize_feature_enabled":true,"jetpack_social_post_already_shared":false,"jetpack_social_options":{"image_generator_settings":{"template":"highway","enabled":false},"version":2}},"categories":[3],"tags":[],"jetpack_publicize_connections":[],"jetpack_sharing_enabled":true,"jetpack_featured_media_url":"https:\/\/agendaparaguay.com\/v2\/wp-content\/uploads\/2020\/08\/senado_pleno_virtual_2.jpeg","_links":{"self":[{"href":"https:\/\/agendaparaguay.com\/v2\/wp-json\/wp\/v2\/posts\/24401"}],"collection":[{"href":"https:\/\/agendaparaguay.com\/v2\/wp-json\/wp\/v2\/posts"}],"about":[{"href":"https:\/\/agendaparaguay.com\/v2\/wp-json\/wp\/v2\/types\/post"}],"author":[{"embeddable":true,"href":"https:\/\/agendaparaguay.com\/v2\/wp-json\/wp\/v2\/users\/1"}],"replies":[{"embeddable":true,"href":"https:\/\/agendaparaguay.com\/v2\/wp-json\/wp\/v2\/comments?post=24401"}],"version-history":[{"count":1,"href":"https:\/\/agendaparaguay.com\/v2\/wp-json\/wp\/v2\/posts\/24401\/revisions"}],"predecessor-version":[{"id":24402,"href":"https:\/\/agendaparaguay.com\/v2\/wp-json\/wp\/v2\/posts\/24401\/revisions\/24402"}],"wp:featuredmedia":[{"embeddable":true,"href":"https:\/\/agendaparaguay.com\/v2\/wp-json\/wp\/v2\/media\/23928"}],"wp:attachment":[{"href":"https:\/\/agendaparaguay.com\/v2\/wp-json\/wp\/v2\/media?parent=24401"}],"wp:term":[{"taxonomy":"category","embeddable":true,"href":"https:\/\/agendaparaguay.com\/v2\/wp-json\/wp\/v2\/categories?post=24401"},{"taxonomy":"post_tag","embeddable":true,"href":"https:\/\/agendaparaguay.com\/v2\/wp-json\/wp\/v2\/tags?post=24401"}],"curies":[{"name":"wp","href":"https:\/\/api.w.org\/{rel}","templated":true}]}}