{"id":24408,"date":"2020-08-27T08:40:10","date_gmt":"2020-08-27T12:40:10","guid":{"rendered":"http:\/\/agendaparaguay.com\/v2\/?p=24408"},"modified":"2020-08-27T07:59:07","modified_gmt":"2020-08-27T11:59:07","slug":"fiscal-ya-emitio-orden-de-captura-por-violencia-domestica-en-san-lorenzo","status":"publish","type":"post","link":"https:\/\/agendaparaguay.com\/v2\/2020\/08\/27\/fiscal-ya-emitio-orden-de-captura-por-violencia-domestica-en-san-lorenzo\/","title":{"rendered":"Fiscal ya emiti\u00f3 orden de captura por violencia dom\u00e9stica en San Lorenzo"},"content":{"rendered":"<p>Ante publicaciones que se\u00f1alan que en un caso de violencia familiar ocurrido en San Lorenzo y denunciado se aclara que la orden de captura fue emitida el d\u00eda 25 de agosto contra el se\u00f1or C\u00e9sar Roosevelt Ben\u00edtez Cattebecke, denunciado como supuesto autor del hecho.<\/p>\n<p style=\"text-align: justify;\">La orden de captura fue remitida a la Polic\u00eda Nacional por el fiscal interviniente Cristi\u00e1n Roig, a fin de que se haga efectividad la medida y sea puesto a disposici\u00f3n de la Unidad penal.<\/p>\n<p style=\"text-align: justify;\">As\u00ed tambi\u00e9n en la presente causa, se realizaron otras diligencias como la solicitud a la Direcci\u00f3n de Atenci\u00f3n a Vicitmas a fin de que realice el agendamiento del estudio victimol\u00f3gico.<\/p>\n","protected":false},"excerpt":{"rendered":"<p>Ante publicaciones que se\u00f1alan que en un caso de violencia familiar ocurrido en San Lorenzo y denunciado se aclara que la orden de captura fue emitida el d\u00eda 25 de&hellip; <\/p>\n","protected":false},"author":1,"featured_media":19287,"comment_status":"open","ping_status":"open","sticky":false,"template":"","format":"standard","meta":{"sfsi_plus_gutenberg_text_before_share":"","sfsi_plus_gutenberg_show_text_before_share":"","sfsi_plus_gutenberg_icon_type":"","sfsi_plus_gutenberg_icon_alignemt":"","sfsi_plus_gutenburg_max_per_row":"","footnotes":"","_jetpack_memberships_contains_paid_content":false,"jetpack_publicize_message":"","jetpack_publicize_feature_enabled":true,"jetpack_social_post_already_shared":false,"jetpack_social_options":{"image_generator_settings":{"template":"highway","enabled":false},"version":2}},"categories":[5],"tags":[],"jetpack_publicize_connections":[],"jetpack_sharing_enabled":true,"jetpack_featured_media_url":"https:\/\/agendaparaguay.com\/v2\/wp-content\/uploads\/2020\/03\/violencia.jpg","_links":{"self":[{"href":"https:\/\/agendaparaguay.com\/v2\/wp-json\/wp\/v2\/posts\/24408"}],"collection":[{"href":"https:\/\/agendaparaguay.com\/v2\/wp-json\/wp\/v2\/posts"}],"about":[{"href":"https:\/\/agendaparaguay.com\/v2\/wp-json\/wp\/v2\/types\/post"}],"author":[{"embeddable":true,"href":"https:\/\/agendaparaguay.com\/v2\/wp-json\/wp\/v2\/users\/1"}],"replies":[{"embeddable":true,"href":"https:\/\/agendaparaguay.com\/v2\/wp-json\/wp\/v2\/comments?post=24408"}],"version-history":[{"count":1,"href":"https:\/\/agendaparaguay.com\/v2\/wp-json\/wp\/v2\/posts\/24408\/revisions"}],"predecessor-version":[{"id":24409,"href":"https:\/\/agendaparaguay.com\/v2\/wp-json\/wp\/v2\/posts\/24408\/revisions\/24409"}],"wp:featuredmedia":[{"embeddable":true,"href":"https:\/\/agendaparaguay.com\/v2\/wp-json\/wp\/v2\/media\/19287"}],"wp:attachment":[{"href":"https:\/\/agendaparaguay.com\/v2\/wp-json\/wp\/v2\/media?parent=24408"}],"wp:term":[{"taxonomy":"category","embeddable":true,"href":"https:\/\/agendaparaguay.com\/v2\/wp-json\/wp\/v2\/categories?post=24408"},{"taxonomy":"post_tag","embeddable":true,"href":"https:\/\/agendaparaguay.com\/v2\/wp-json\/wp\/v2\/tags?post=24408"}],"curies":[{"name":"wp","href":"https:\/\/api.w.org\/{rel}","templated":true}]}}