{"id":24448,"date":"2020-08-28T08:52:29","date_gmt":"2020-08-28T12:52:29","guid":{"rendered":"http:\/\/agendaparaguay.com\/v2\/?p=24448"},"modified":"2020-08-28T10:10:06","modified_gmt":"2020-08-28T14:10:06","slug":"confirman-fallecimiento-de-un-funcionario-judicial-por-coronavirus","status":"publish","type":"post","link":"https:\/\/agendaparaguay.com\/v2\/2020\/08\/28\/confirman-fallecimiento-de-un-funcionario-judicial-por-coronavirus\/","title":{"rendered":"Confirman fallecimiento de un funcionario judicial por Coronavirus"},"content":{"rendered":"<p style=\"text-align: justify;\">A trav\u00e9s de su cuenta en twitter, la Corte Suprema de Justicia confirm\u00f3 la primera muerte de un funcionario de la instituci\u00f3n por COVID19 o Coronavirus.<!--more--><\/p>\n<p style=\"text-align: justify;\">Se trata de un Ujier Notificador de la capital del pa\u00eds y es uno de los 102 funcionarios que hasta el momento dio positivo al virus. A la fecha, un total de 639 funcionarios se encuentran aislados y en cuarentena por contactos con los casos positivos.<\/p>\n<p style=\"text-align: justify;\">\u00abEn nombre de toda la familia judicial expresamos nuestras m\u00e1s sentidas condolencias a los familiares\u00bb, refiere el posteo de la cuenta oficial del Poder Judicial.<\/p>\n<blockquote class=\"twitter-tweet\" data-width=\"550\" data-dnt=\"true\">\n<p lang=\"es\" dir=\"ltr\">La Corte Suprema de Justicia lamenta informar el fallecimiento del primer funcionario judicial a causa del <a href=\"https:\/\/twitter.com\/hashtag\/COVID19?src=hash&amp;ref_src=twsrc%5Etfw\">#COVID19<\/a>. Se desempe\u00f1aba como Ujier Notificador en Capital. En nombre de toda la familia judicial expresamos nuestras m\u00e1s sentidas condolencias a los familiares.<\/p>\n<p>&mdash; Corte Suprema CSJ (@PoderJudicialPY) <a href=\"https:\/\/twitter.com\/PoderJudicialPY\/status\/1299309925114540032?ref_src=twsrc%5Etfw\">August 28, 2020<\/a><\/p><\/blockquote>\n<p><script async src=\"https:\/\/platform.twitter.com\/widgets.js\" charset=\"utf-8\"><\/script><\/p>\n","protected":false},"excerpt":{"rendered":"<p>A trav\u00e9s de su cuenta en twitter, la Corte Suprema de Justicia confirm\u00f3 la primera muerte de un funcionario de la instituci\u00f3n por COVID19 o Coronavirus.<\/p>\n","protected":false},"author":1,"featured_media":4101,"comment_status":"open","ping_status":"open","sticky":false,"template":"","format":"standard","meta":{"sfsi_plus_gutenberg_text_before_share":"","sfsi_plus_gutenberg_show_text_before_share":"","sfsi_plus_gutenberg_icon_type":"","sfsi_plus_gutenberg_icon_alignemt":"","sfsi_plus_gutenburg_max_per_row":"","footnotes":"","_jetpack_memberships_contains_paid_content":false,"jetpack_publicize_message":"","jetpack_publicize_feature_enabled":true,"jetpack_social_post_already_shared":false,"jetpack_social_options":{"image_generator_settings":{"template":"highway","enabled":false},"version":2}},"categories":[5],"tags":[],"jetpack_publicize_connections":[],"jetpack_sharing_enabled":true,"jetpack_featured_media_url":"https:\/\/agendaparaguay.com\/v2\/wp-content\/uploads\/2019\/02\/poder_judicial_csj.jpg","_links":{"self":[{"href":"https:\/\/agendaparaguay.com\/v2\/wp-json\/wp\/v2\/posts\/24448"}],"collection":[{"href":"https:\/\/agendaparaguay.com\/v2\/wp-json\/wp\/v2\/posts"}],"about":[{"href":"https:\/\/agendaparaguay.com\/v2\/wp-json\/wp\/v2\/types\/post"}],"author":[{"embeddable":true,"href":"https:\/\/agendaparaguay.com\/v2\/wp-json\/wp\/v2\/users\/1"}],"replies":[{"embeddable":true,"href":"https:\/\/agendaparaguay.com\/v2\/wp-json\/wp\/v2\/comments?post=24448"}],"version-history":[{"count":3,"href":"https:\/\/agendaparaguay.com\/v2\/wp-json\/wp\/v2\/posts\/24448\/revisions"}],"predecessor-version":[{"id":24455,"href":"https:\/\/agendaparaguay.com\/v2\/wp-json\/wp\/v2\/posts\/24448\/revisions\/24455"}],"wp:featuredmedia":[{"embeddable":true,"href":"https:\/\/agendaparaguay.com\/v2\/wp-json\/wp\/v2\/media\/4101"}],"wp:attachment":[{"href":"https:\/\/agendaparaguay.com\/v2\/wp-json\/wp\/v2\/media?parent=24448"}],"wp:term":[{"taxonomy":"category","embeddable":true,"href":"https:\/\/agendaparaguay.com\/v2\/wp-json\/wp\/v2\/categories?post=24448"},{"taxonomy":"post_tag","embeddable":true,"href":"https:\/\/agendaparaguay.com\/v2\/wp-json\/wp\/v2\/tags?post=24448"}],"curies":[{"name":"wp","href":"https:\/\/api.w.org\/{rel}","templated":true}]}}