{"id":24493,"date":"2020-08-30T17:11:09","date_gmt":"2020-08-30T21:11:09","guid":{"rendered":"http:\/\/agendaparaguay.com\/v2\/?p=24493"},"modified":"2020-08-30T17:11:09","modified_gmt":"2020-08-30T21:11:09","slug":"concejal-julio-ullon-confirma-que-dio-positivo-al-covid19","status":"publish","type":"post","link":"https:\/\/agendaparaguay.com\/v2\/2020\/08\/30\/concejal-julio-ullon-confirma-que-dio-positivo-al-covid19\/","title":{"rendered":"Concejal Julio Ullon confirma que dio positivo al COVID19"},"content":{"rendered":"<p style=\"text-align: justify;\">El Concejal municipal de Asunci\u00f3n (ANR) Julio Ull\u00f3n confirm\u00f3 en su cuenta en twitter que dio positivo a la prueba del COVID19 o Coronavirus.<!--more--><\/p>\n<p style=\"text-align: justify;\">El legislador de la comuna capitalina revel\u00f3 que junto a su familia se encuentra realizando cuarentena.<\/p>\n<p style=\"text-align: justify;\">\u00abQuiero comunicar a mis amigos, familiares, colaboradores y ciudadan\u00eda en general que he dado positivo al estudio de Covid-19. Tanto yo como mi familia estamos haciendo cuarentena. Con la fe puesta en Dios vamos a salir adelante. Por favor a cuidarse @msaludpy\u00bb, escribi\u00f3 Julio Ull\u00f3n en su cuenta en twitter.<\/p>\n<blockquote class=\"twitter-tweet\" data-width=\"550\" data-dnt=\"true\">\n<p lang=\"es\" dir=\"ltr\">Quiero comunicar a mis amigos, familiares, colaboradores y ciudadan\u00eda en general que he dado positivo al estudio de Covid-19.<br \/>Tanto yo como mi familia estamos haciendo cuarentena. <br \/>Con la f\u00e9 puesta en Dios vamos a salir adelante. Por favor a cuidarse.<a href=\"https:\/\/twitter.com\/msaludpy?ref_src=twsrc%5Etfw\">@msaludpy<\/a><\/p>\n<p>&mdash; Julio Ull\u00f3n Brizuela (@julioullon) <a href=\"https:\/\/twitter.com\/julioullon\/status\/1300170121269391362?ref_src=twsrc%5Etfw\">August 30, 2020<\/a><\/p><\/blockquote>\n<p><script async src=\"https:\/\/platform.twitter.com\/widgets.js\" charset=\"utf-8\"><\/script><\/p>\n","protected":false},"excerpt":{"rendered":"<p>El Concejal municipal de Asunci\u00f3n (ANR) Julio Ull\u00f3n confirm\u00f3 en su cuenta en twitter que dio positivo a la prueba del COVID19 o Coronavirus.<\/p>\n","protected":false},"author":1,"featured_media":19535,"comment_status":"open","ping_status":"open","sticky":false,"template":"","format":"standard","meta":{"sfsi_plus_gutenberg_text_before_share":"","sfsi_plus_gutenberg_show_text_before_share":"","sfsi_plus_gutenberg_icon_type":"","sfsi_plus_gutenberg_icon_alignemt":"","sfsi_plus_gutenburg_max_per_row":"","footnotes":"","_jetpack_memberships_contains_paid_content":false,"jetpack_publicize_message":"","jetpack_publicize_feature_enabled":true,"jetpack_social_post_already_shared":false,"jetpack_social_options":{"image_generator_settings":{"template":"highway","enabled":false},"version":2}},"categories":[5],"tags":[],"jetpack_publicize_connections":[],"jetpack_sharing_enabled":true,"jetpack_featured_media_url":"https:\/\/agendaparaguay.com\/v2\/wp-content\/uploads\/2020\/04\/concejal_julio_ullon.jpeg","_links":{"self":[{"href":"https:\/\/agendaparaguay.com\/v2\/wp-json\/wp\/v2\/posts\/24493"}],"collection":[{"href":"https:\/\/agendaparaguay.com\/v2\/wp-json\/wp\/v2\/posts"}],"about":[{"href":"https:\/\/agendaparaguay.com\/v2\/wp-json\/wp\/v2\/types\/post"}],"author":[{"embeddable":true,"href":"https:\/\/agendaparaguay.com\/v2\/wp-json\/wp\/v2\/users\/1"}],"replies":[{"embeddable":true,"href":"https:\/\/agendaparaguay.com\/v2\/wp-json\/wp\/v2\/comments?post=24493"}],"version-history":[{"count":1,"href":"https:\/\/agendaparaguay.com\/v2\/wp-json\/wp\/v2\/posts\/24493\/revisions"}],"predecessor-version":[{"id":24494,"href":"https:\/\/agendaparaguay.com\/v2\/wp-json\/wp\/v2\/posts\/24493\/revisions\/24494"}],"wp:featuredmedia":[{"embeddable":true,"href":"https:\/\/agendaparaguay.com\/v2\/wp-json\/wp\/v2\/media\/19535"}],"wp:attachment":[{"href":"https:\/\/agendaparaguay.com\/v2\/wp-json\/wp\/v2\/media?parent=24493"}],"wp:term":[{"taxonomy":"category","embeddable":true,"href":"https:\/\/agendaparaguay.com\/v2\/wp-json\/wp\/v2\/categories?post=24493"},{"taxonomy":"post_tag","embeddable":true,"href":"https:\/\/agendaparaguay.com\/v2\/wp-json\/wp\/v2\/tags?post=24493"}],"curies":[{"name":"wp","href":"https:\/\/api.w.org\/{rel}","templated":true}]}}