{"id":25053,"date":"2020-09-13T19:55:25","date_gmt":"2020-09-13T23:55:25","guid":{"rendered":"http:\/\/agendaparaguay.com\/v2\/?p=25053"},"modified":"2020-09-13T19:55:25","modified_gmt":"2020-09-13T23:55:25","slug":"claman-por-la-liberacion-de-secuestrados","status":"publish","type":"post","link":"https:\/\/agendaparaguay.com\/v2\/2020\/09\/13\/claman-por-la-liberacion-de-secuestrados\/","title":{"rendered":"Claman por la liberaci\u00f3n de secuestrados"},"content":{"rendered":"<p style=\"text-align: justify;\">Una manifestaci\u00f3n que moviliz\u00f3 a centenares de veh\u00edculos en el microcentro de Asunci\u00f3n pidi\u00f3 a gritos hoy la liberaci\u00f3n de los secuestrados por el Ej\u00e9rcito del Pueblo Paraguayo (EPP).<!--more--><\/p>\n<p style=\"text-align: justify;\">Los manifestantes portaban globos y pa\u00f1uelos blancos pidiendo por el retorno de la paz de las familias paraguayas.<\/p>\n<p style=\"text-align: justify;\">Cabe destacar que el ex vicepresidente Oscar Denis y su empleado, Adelio Mendoza fueron llevados a la fuerza el pasado mi\u00e9rcoles en la zona de Bella Vista Norte, Departamento de Amambay.<\/p>\n<p style=\"text-align: justify;\">Denis, antes de llegar a la vice presidencia de la rep\u00fablica fue electo Gobernador de Concepci\u00f3n, luego Diputado por el mismo Departamento y finalmente senador, cargo que ocupaba cuando fue electo vicepresidente por el pleno del Senado para ocupar el lugar dejado por Federico Franco, al asumir la presidencia de la rep\u00fablica, tras la destituci\u00f3n de Fernando Lugo.<\/p>\n<p>Cabe destacar que el plazo establecido por el grupo criminal para la liberaci\u00f3n de Carmen Villalba y Alcides Oviedo vence hoy a las 22:00 horas, y la amenaza es de fusilamiento a los secuestrados, de no lograr que los condenados por secuestro sean liberados.<\/p>\n","protected":false},"excerpt":{"rendered":"<p>Una manifestaci\u00f3n que moviliz\u00f3 a centenares de veh\u00edculos en el microcentro de Asunci\u00f3n pidi\u00f3 a gritos hoy la liberaci\u00f3n de los secuestrados por el Ej\u00e9rcito del Pueblo Paraguayo (EPP).<\/p>\n","protected":false},"author":1,"featured_media":25054,"comment_status":"open","ping_status":"open","sticky":false,"template":"","format":"standard","meta":{"sfsi_plus_gutenberg_text_before_share":"","sfsi_plus_gutenberg_show_text_before_share":"","sfsi_plus_gutenberg_icon_type":"","sfsi_plus_gutenberg_icon_alignemt":"","sfsi_plus_gutenburg_max_per_row":"","footnotes":"","_jetpack_memberships_contains_paid_content":false,"jetpack_publicize_message":"","jetpack_publicize_feature_enabled":true,"jetpack_social_post_already_shared":false,"jetpack_social_options":{"image_generator_settings":{"template":"highway","enabled":false},"version":2}},"categories":[5],"tags":[],"jetpack_publicize_connections":[],"jetpack_sharing_enabled":true,"jetpack_featured_media_url":"https:\/\/agendaparaguay.com\/v2\/wp-content\/uploads\/2020\/09\/manifestaci\u00f3n_escar_denis.jpeg","_links":{"self":[{"href":"https:\/\/agendaparaguay.com\/v2\/wp-json\/wp\/v2\/posts\/25053"}],"collection":[{"href":"https:\/\/agendaparaguay.com\/v2\/wp-json\/wp\/v2\/posts"}],"about":[{"href":"https:\/\/agendaparaguay.com\/v2\/wp-json\/wp\/v2\/types\/post"}],"author":[{"embeddable":true,"href":"https:\/\/agendaparaguay.com\/v2\/wp-json\/wp\/v2\/users\/1"}],"replies":[{"embeddable":true,"href":"https:\/\/agendaparaguay.com\/v2\/wp-json\/wp\/v2\/comments?post=25053"}],"version-history":[{"count":1,"href":"https:\/\/agendaparaguay.com\/v2\/wp-json\/wp\/v2\/posts\/25053\/revisions"}],"predecessor-version":[{"id":25055,"href":"https:\/\/agendaparaguay.com\/v2\/wp-json\/wp\/v2\/posts\/25053\/revisions\/25055"}],"wp:featuredmedia":[{"embeddable":true,"href":"https:\/\/agendaparaguay.com\/v2\/wp-json\/wp\/v2\/media\/25054"}],"wp:attachment":[{"href":"https:\/\/agendaparaguay.com\/v2\/wp-json\/wp\/v2\/media?parent=25053"}],"wp:term":[{"taxonomy":"category","embeddable":true,"href":"https:\/\/agendaparaguay.com\/v2\/wp-json\/wp\/v2\/categories?post=25053"},{"taxonomy":"post_tag","embeddable":true,"href":"https:\/\/agendaparaguay.com\/v2\/wp-json\/wp\/v2\/tags?post=25053"}],"curies":[{"name":"wp","href":"https:\/\/api.w.org\/{rel}","templated":true}]}}