{"id":25308,"date":"2020-09-21T12:30:59","date_gmt":"2020-09-21T16:30:59","guid":{"rendered":"http:\/\/agendaparaguay.com\/v2\/?p=25308"},"modified":"2020-09-21T10:36:00","modified_gmt":"2020-09-21T14:36:00","slug":"buscan-potenciar-a-los-jovenes-emprendedores-del-pais-con-proyecto-crece","status":"publish","type":"post","link":"https:\/\/agendaparaguay.com\/v2\/2020\/09\/21\/buscan-potenciar-a-los-jovenes-emprendedores-del-pais-con-proyecto-crece\/","title":{"rendered":"Buscan potenciar a los j\u00f3venes emprendedores del pa\u00eds con proyecto \u00abCrece\u00bb"},"content":{"rendered":"<p style=\"text-align: justify;\">CRECE, consiste en la creaci\u00f3n de un espacio de promoci\u00f3n y fomento del emprendedurismo, busca impulsar el ecosistema emprendedor en todos los Departamentos del Pa\u00eds y trata de premiar y apoyar a los emprendedores, ayud\u00e1ndoles en su desarrollo y formaci\u00f3n, explic\u00f3 Felipe Salom\u00f3n, vice ministro de la Juventud, hoy durante el lanzamiento del Proyecto.<\/p>\n<p style=\"text-align: justify;\">Indic\u00f3 que se pretende crear un escenario para visibilizar a los emprendedores, promover el reconocimiento social de los aut\u00f3nomos, peque\u00f1os y medianos empresarios y divulgar su contribuci\u00f3n al progreso econ\u00f3mico y social y a la creaci\u00f3n de empleo.<\/p>\n<p style=\"text-align: justify;\">La iniciativa se basa en un concurso de emprendimientos en donde se da la oportunidad competir entre s\u00ed a todos los j\u00f3venes emprendedores y premiamos a los mejores y con m\u00e1s proyecci\u00f3n, aquellos que impulsan nuevos negocios y forman un entorno innovador y vanguardista en todo el mundo emprendedor son los m\u00e1s beneficiados.<\/p>\n<p style=\"text-align: justify;\">EL programa CRECE se ejecuta en conjunto con el Ministerio de Industria y Comercio y la Direcci\u00f3n Nacional de Emprendedurismo, el cual tiene como objetivo distribuir Veinticinco Mil D\u00f3lares ($ 25.000) entre los j\u00f3venes emprendedores seleccionados.<\/p>\n<p style=\"text-align: justify;\">Los j\u00f3venes emprendedores podr\u00e1n presentar su propuesta innovadora en 2 categor\u00edas, una, fase embrionaria o de aceleraci\u00f3n y otra categor\u00eda, en una fase ya desarrollada y en funcionamiento, para la participaci\u00f3n en el concurso. Los participantes podr\u00e1n presentar el n\u00famero de proyectos que deseen, tanto de forma individual como en grupo.<\/p>\n","protected":false},"excerpt":{"rendered":"<p>CRECE, consiste en la creaci\u00f3n de un espacio de promoci\u00f3n y fomento del emprendedurismo, busca impulsar el ecosistema emprendedor en todos los Departamentos del Pa\u00eds y trata de premiar y&hellip; <\/p>\n","protected":false},"author":1,"featured_media":25309,"comment_status":"open","ping_status":"open","sticky":false,"template":"","format":"standard","meta":{"sfsi_plus_gutenberg_text_before_share":"","sfsi_plus_gutenberg_show_text_before_share":"","sfsi_plus_gutenberg_icon_type":"","sfsi_plus_gutenberg_icon_alignemt":"","sfsi_plus_gutenburg_max_per_row":"","footnotes":"","_jetpack_memberships_contains_paid_content":false,"jetpack_publicize_message":"","jetpack_publicize_feature_enabled":true,"jetpack_social_post_already_shared":false,"jetpack_social_options":{"image_generator_settings":{"template":"highway","enabled":false},"version":2}},"categories":[5],"tags":[],"jetpack_publicize_connections":[],"jetpack_sharing_enabled":true,"jetpack_featured_media_url":"https:\/\/agendaparaguay.com\/v2\/wp-content\/uploads\/2020\/09\/viceministro_juventud-.jpeg","_links":{"self":[{"href":"https:\/\/agendaparaguay.com\/v2\/wp-json\/wp\/v2\/posts\/25308"}],"collection":[{"href":"https:\/\/agendaparaguay.com\/v2\/wp-json\/wp\/v2\/posts"}],"about":[{"href":"https:\/\/agendaparaguay.com\/v2\/wp-json\/wp\/v2\/types\/post"}],"author":[{"embeddable":true,"href":"https:\/\/agendaparaguay.com\/v2\/wp-json\/wp\/v2\/users\/1"}],"replies":[{"embeddable":true,"href":"https:\/\/agendaparaguay.com\/v2\/wp-json\/wp\/v2\/comments?post=25308"}],"version-history":[{"count":1,"href":"https:\/\/agendaparaguay.com\/v2\/wp-json\/wp\/v2\/posts\/25308\/revisions"}],"predecessor-version":[{"id":25310,"href":"https:\/\/agendaparaguay.com\/v2\/wp-json\/wp\/v2\/posts\/25308\/revisions\/25310"}],"wp:featuredmedia":[{"embeddable":true,"href":"https:\/\/agendaparaguay.com\/v2\/wp-json\/wp\/v2\/media\/25309"}],"wp:attachment":[{"href":"https:\/\/agendaparaguay.com\/v2\/wp-json\/wp\/v2\/media?parent=25308"}],"wp:term":[{"taxonomy":"category","embeddable":true,"href":"https:\/\/agendaparaguay.com\/v2\/wp-json\/wp\/v2\/categories?post=25308"},{"taxonomy":"post_tag","embeddable":true,"href":"https:\/\/agendaparaguay.com\/v2\/wp-json\/wp\/v2\/tags?post=25308"}],"curies":[{"name":"wp","href":"https:\/\/api.w.org\/{rel}","templated":true}]}}