{"id":25514,"date":"2020-09-27T12:13:57","date_gmt":"2020-09-27T16:13:57","guid":{"rendered":"http:\/\/agendaparaguay.com\/v2\/?p=25514"},"modified":"2020-09-27T12:13:57","modified_gmt":"2020-09-27T16:13:57","slug":"cateura-arde-en-llamas-por-incendios-provocados","status":"publish","type":"post","link":"https:\/\/agendaparaguay.com\/v2\/2020\/09\/27\/cateura-arde-en-llamas-por-incendios-provocados\/","title":{"rendered":"Cateura arde en llamas por incendios provocados"},"content":{"rendered":"<p>En el vertedero Cateura se registra un nuevo incendio y un contingente de bomberos trabajan incansablemente buscando controlar el fuego.<!--more--><\/p>\n<p>Los vecinos est\u00e1n en peligro si permanecen en el sitio, explic\u00f3 el capit\u00e1n de los bomberos Daniel Ortega, en declaraciones a \u00d1anduti.<\/p>\n<p>Destac\u00f3 que se registran incendios en la zona desde el viernes, y aunque lograron controlar en principio las llamas se reavivaron esta ma\u00f1ana.<\/p>\n","protected":false},"excerpt":{"rendered":"<p>En el vertedero Cateura se registra un nuevo incendio y un contingente de bomberos trabajan incansablemente buscando controlar el fuego.<\/p>\n","protected":false},"author":1,"featured_media":25515,"comment_status":"open","ping_status":"open","sticky":false,"template":"","format":"standard","meta":{"sfsi_plus_gutenberg_text_before_share":"","sfsi_plus_gutenberg_show_text_before_share":"","sfsi_plus_gutenberg_icon_type":"","sfsi_plus_gutenberg_icon_alignemt":"","sfsi_plus_gutenburg_max_per_row":"","footnotes":"","_jetpack_memberships_contains_paid_content":false,"jetpack_publicize_message":"","jetpack_publicize_feature_enabled":true,"jetpack_social_post_already_shared":false,"jetpack_social_options":{"image_generator_settings":{"template":"highway","enabled":false},"version":2}},"categories":[5],"tags":[],"jetpack_publicize_connections":[],"jetpack_sharing_enabled":true,"jetpack_featured_media_url":"https:\/\/agendaparaguay.com\/v2\/wp-content\/uploads\/2020\/09\/incendios_cateura.jpg","_links":{"self":[{"href":"https:\/\/agendaparaguay.com\/v2\/wp-json\/wp\/v2\/posts\/25514"}],"collection":[{"href":"https:\/\/agendaparaguay.com\/v2\/wp-json\/wp\/v2\/posts"}],"about":[{"href":"https:\/\/agendaparaguay.com\/v2\/wp-json\/wp\/v2\/types\/post"}],"author":[{"embeddable":true,"href":"https:\/\/agendaparaguay.com\/v2\/wp-json\/wp\/v2\/users\/1"}],"replies":[{"embeddable":true,"href":"https:\/\/agendaparaguay.com\/v2\/wp-json\/wp\/v2\/comments?post=25514"}],"version-history":[{"count":1,"href":"https:\/\/agendaparaguay.com\/v2\/wp-json\/wp\/v2\/posts\/25514\/revisions"}],"predecessor-version":[{"id":25516,"href":"https:\/\/agendaparaguay.com\/v2\/wp-json\/wp\/v2\/posts\/25514\/revisions\/25516"}],"wp:featuredmedia":[{"embeddable":true,"href":"https:\/\/agendaparaguay.com\/v2\/wp-json\/wp\/v2\/media\/25515"}],"wp:attachment":[{"href":"https:\/\/agendaparaguay.com\/v2\/wp-json\/wp\/v2\/media?parent=25514"}],"wp:term":[{"taxonomy":"category","embeddable":true,"href":"https:\/\/agendaparaguay.com\/v2\/wp-json\/wp\/v2\/categories?post=25514"},{"taxonomy":"post_tag","embeddable":true,"href":"https:\/\/agendaparaguay.com\/v2\/wp-json\/wp\/v2\/tags?post=25514"}],"curies":[{"name":"wp","href":"https:\/\/api.w.org\/{rel}","templated":true}]}}