{"id":25545,"date":"2020-09-28T09:00:23","date_gmt":"2020-09-28T13:00:23","guid":{"rendered":"http:\/\/agendaparaguay.com\/v2\/?p=25545"},"modified":"2020-09-28T07:27:43","modified_gmt":"2020-09-28T11:27:43","slug":"conaderna-pide-a-la-fiscalia-celeridad-para-identificar-e-imputar-a-responsables-de-provocaciones-de-incendios","status":"publish","type":"post","link":"https:\/\/agendaparaguay.com\/v2\/2020\/09\/28\/conaderna-pide-a-la-fiscalia-celeridad-para-identificar-e-imputar-a-responsables-de-provocaciones-de-incendios\/","title":{"rendered":"Conaderna pide a la Fiscal\u00eda celeridad para identificar e imputar a responsables de provocaciones de incendios"},"content":{"rendered":"<p style=\"text-align: justify;\">La Comisi\u00f3n Nacional de Defensa de los Recursos Naturales que preside en senador Juan Afara, califica de alarmante la situaci\u00f3n de poluci\u00f3n ambiental en todo el pa\u00eds, por los incendios y la sequ\u00eda en todos los departamentos, en propiedades privadas como en reservas o \u00e1reas protegidas, en pastizales, cerros, esteros, que afectan gravemente a los ecosistemas, a la fauna y la flora.<!--more--><\/p>\n<p style=\"text-align: justify;\">Recuerda adem\u00e1s a la ciudadan\u00eda que provocar incendios es un delito ambiental y est\u00e1 penado. En este contexto, alerta adem\u00e1s al Ministerio Publico de la necesidad de dar celeridad a las investigaciones sobre incendios e imputar a los responsables aplicando la Ley penal con la m\u00e1xima pena.<\/p>\n<p style=\"text-align: justify;\">Pide igualmente recomienda a la Polic\u00eda Nacional a reforzar los controles y estar en alerta para comunicar a las instituciones en caso de inicio de incendios y aprehender a personas que podr\u00edan ser responsables de la quema de pastizales y de basura y a las Fuerzas Militares a trav\u00e9s de la Direcci\u00f3n de Medio Ambiente a sumarse a la tarea de extinguir incendios y cooperar con las instituciones.<\/p>\n<p style=\"text-align: justify;\">\u00abDesde la Conaderna apoyamos la incansable tarea desplegada y los esfuerzos de las instituciones como la Secretaria de Emergencia Nacional, el Ministerio del Ambiente y Desarrollo Sostenible, los Municipios y los Cuerpos de Bomberos Voluntarios\u00bb, refiere parte del comunicado.<\/p>\n<p style=\"text-align: justify;\">Resalta que es el momento de \u00abaunar esfuerzos en forma urgente entre instituciones p\u00fablicas y empresas privadas, adem\u00e1s de cooperar interinstitucionalmente para contribuir con la tarea de apagar los incendios\u00bb.<\/p>\n<p style=\"text-align: justify;\">Inst\u00f3 a la ciudadan\u00eda a evitar y abstenerse de realizar quemas intencionales para limpieza de terreno, eliminar basura, y otras formas de provocar fuego.<\/p>\n<p style=\"text-align: justify;\">Pidieron a las Gobernaciones que provean agua, alimentos, m\u00f3viles para traslado y tractores para cooperar con la tarea de las instituciones que est\u00e1n esforz\u00e1ndose por extinguir fuegos y a los Municipios a dar mayor \u00e9nfasis a la fiscalizaci\u00f3n y control para evitar los fuegos intencionales, mientras que a PETROPAR, que provea combustible para los carros hidrantes de los diferentes Cuerpos de Bomberos del Paraguay, de Asunci\u00f3n y de diferentes ciudades del Interior, en el marco de la responsabilidad social y ambiental.<\/p>\n<p style=\"text-align: justify;\">El documento dado a conocer en la fecha, insta adem\u00e1s a los otros emblemas privados que operan en el pa\u00eds a proveer tambi\u00e9n combustible para los carros hidrantes y camiones cisternas que transportan agua, en el marco de la responsabilidad social ambiental.<\/p>\n<p>En cuanto a la ESSAP, se\u00f1ala que corresponde que provea de cisternas de agua para cooperar con los Bomberos para la extinci\u00f3n de los incendios y de agua para el consumo de los voluntarios, desplegando toda la asistencia en toda la Rep\u00fablica.<\/p>\n","protected":false},"excerpt":{"rendered":"<p>La Comisi\u00f3n Nacional de Defensa de los Recursos Naturales que preside en senador Juan Afara, califica de alarmante la situaci\u00f3n de poluci\u00f3n ambiental en todo el pa\u00eds, por los incendios&hellip; <\/p>\n","protected":false},"author":1,"featured_media":25515,"comment_status":"open","ping_status":"open","sticky":false,"template":"","format":"standard","meta":{"sfsi_plus_gutenberg_text_before_share":"","sfsi_plus_gutenberg_show_text_before_share":"","sfsi_plus_gutenberg_icon_type":"","sfsi_plus_gutenberg_icon_alignemt":"","sfsi_plus_gutenburg_max_per_row":"","footnotes":"","_jetpack_memberships_contains_paid_content":false,"jetpack_publicize_message":"","jetpack_publicize_feature_enabled":true,"jetpack_social_post_already_shared":false,"jetpack_social_options":{"image_generator_settings":{"template":"highway","enabled":false},"version":2}},"categories":[5],"tags":[],"jetpack_publicize_connections":[],"jetpack_sharing_enabled":true,"jetpack_featured_media_url":"https:\/\/agendaparaguay.com\/v2\/wp-content\/uploads\/2020\/09\/incendios_cateura.jpg","_links":{"self":[{"href":"https:\/\/agendaparaguay.com\/v2\/wp-json\/wp\/v2\/posts\/25545"}],"collection":[{"href":"https:\/\/agendaparaguay.com\/v2\/wp-json\/wp\/v2\/posts"}],"about":[{"href":"https:\/\/agendaparaguay.com\/v2\/wp-json\/wp\/v2\/types\/post"}],"author":[{"embeddable":true,"href":"https:\/\/agendaparaguay.com\/v2\/wp-json\/wp\/v2\/users\/1"}],"replies":[{"embeddable":true,"href":"https:\/\/agendaparaguay.com\/v2\/wp-json\/wp\/v2\/comments?post=25545"}],"version-history":[{"count":2,"href":"https:\/\/agendaparaguay.com\/v2\/wp-json\/wp\/v2\/posts\/25545\/revisions"}],"predecessor-version":[{"id":25547,"href":"https:\/\/agendaparaguay.com\/v2\/wp-json\/wp\/v2\/posts\/25545\/revisions\/25547"}],"wp:featuredmedia":[{"embeddable":true,"href":"https:\/\/agendaparaguay.com\/v2\/wp-json\/wp\/v2\/media\/25515"}],"wp:attachment":[{"href":"https:\/\/agendaparaguay.com\/v2\/wp-json\/wp\/v2\/media?parent=25545"}],"wp:term":[{"taxonomy":"category","embeddable":true,"href":"https:\/\/agendaparaguay.com\/v2\/wp-json\/wp\/v2\/categories?post=25545"},{"taxonomy":"post_tag","embeddable":true,"href":"https:\/\/agendaparaguay.com\/v2\/wp-json\/wp\/v2\/tags?post=25545"}],"curies":[{"name":"wp","href":"https:\/\/api.w.org\/{rel}","templated":true}]}}