{"id":25556,"date":"2020-09-28T13:20:43","date_gmt":"2020-09-28T17:20:43","guid":{"rendered":"http:\/\/agendaparaguay.com\/v2\/?p=25556"},"modified":"2020-09-28T13:20:43","modified_gmt":"2020-09-28T17:20:43","slug":"presidente-anuncia-que-esta-semana-se-fijara-fecha-para-la-reapertura-de-pasos-fronterizos-con-brasil","status":"publish","type":"post","link":"https:\/\/agendaparaguay.com\/v2\/2020\/09\/28\/presidente-anuncia-que-esta-semana-se-fijara-fecha-para-la-reapertura-de-pasos-fronterizos-con-brasil\/","title":{"rendered":"Presidente anuncia que esta semana se fijar\u00e1 fecha para la reapertura de pasos fronterizos con Brasil"},"content":{"rendered":"<p style=\"text-align: justify;\">Las declaraciones del presidente Mario Abdo Ben\u00edtez fueron vertidas durante su visita al departamento de Guair\u00e1. En este marco, el jefe de estado anunci\u00f3 que esta semana fijar\u00e1 junto con su par de Brasil, Jair Bolsonaro, la fecha para la reapertura de las zonas fronterizas con el vecino pa\u00eds.<\/p>\n<p style=\"text-align: justify;\">\u00abEsta semana vamos a tener la fecha de la apertura de los pasos fronterizos con Brasil, como el caso de Ciudad del Este, Salto del Guair\u00e1 y Pedro Juan Caballero\u00bb, destac\u00f3.<\/p>\n<p style=\"text-align: justify;\">Pidi\u00f3 la m\u00e1xima responsabilidad en cuanto al cumplimiento de los protocolos sanitarios, a los pobladores que viven en las ciudades fronterizas de modo a que no se disparen los casos de coronavirus durante la reapertura comercial.<\/p>\n<p style=\"text-align: justify;\">A\u00f1adi\u00f3 que comparando con otros pa\u00eds del continente y en casi todo el mundo, los \u00edndices de contagios y fallecidos por covid-19 siguen siendo muy bajos en Paraguay, lo que calific\u00f3 de positivo. Indic\u00f3 que las medidas sanitarias y de aislamiento adoptadas fueron a tiempo y claves para evitar los contagios masivos.<\/p>\n<p style=\"text-align: justify;\">\u201cLos pa\u00edses que no tomaron medidas dr\u00e1sticas al comienzo, no solo impact\u00f3 en la vida sino tambi\u00e9n en la econom\u00eda, seguramente que cometimos errores como toda obra humana, pero algo se hizo bien porque en econom\u00eda estamos mejor que toda la regi\u00f3n y los resultados de nuestras pol\u00edticas sanitarias tambi\u00e9n\u201d, resalt\u00f3 el jefe de estado.<\/p>\n<p style=\"text-align: justify;\">Resalt\u00f3 que la conducta ciudadana con el respeto a los protocolos es fundamental, para seguir avanzando y que el Paraguay siga siendo un ejemplo\u201d, remarc\u00f3.<\/p>\n<p style=\"text-align: justify;\">En cuanto a los programas de asistencia, detall\u00f3 que a trav\u00e9s de \u00d1angareko se benefici\u00f3 a 285.769 familias para la adquisici\u00f3n de alimentos, medicamentos y productos de higiene b\u00e1sica con una inversi\u00f3n de 26 millones de d\u00f3lares, mientras que con el Programa Pytyv\u00f5, se lleg\u00f3 m\u00e1s de 3 millones de paraguayos en los 17 departamentos del pa\u00eds, en sus dos ediciones, lo que representa m\u00e1s de 249 millones de d\u00f3lares de inyecci\u00f3n a la econom\u00eda, dando una prioridad importante para los trabajadores de frontera.<\/p>\n","protected":false},"excerpt":{"rendered":"<p>Las declaraciones del presidente Mario Abdo Ben\u00edtez fueron vertidas durante su visita al departamento de Guair\u00e1. En este marco, el jefe de estado anunci\u00f3 que esta semana fijar\u00e1 junto con&hellip; <\/p>\n","protected":false},"author":1,"featured_media":23121,"comment_status":"open","ping_status":"open","sticky":false,"template":"","format":"standard","meta":{"sfsi_plus_gutenberg_text_before_share":"","sfsi_plus_gutenberg_show_text_before_share":"","sfsi_plus_gutenberg_icon_type":"","sfsi_plus_gutenberg_icon_alignemt":"","sfsi_plus_gutenburg_max_per_row":"","footnotes":"","_jetpack_memberships_contains_paid_content":false,"jetpack_publicize_message":"","jetpack_publicize_feature_enabled":true,"jetpack_social_post_already_shared":true,"jetpack_social_options":{"image_generator_settings":{"template":"highway","enabled":false},"version":2}},"categories":[2],"tags":[],"jetpack_publicize_connections":[],"jetpack_sharing_enabled":true,"jetpack_featured_media_url":"https:\/\/agendaparaguay.com\/v2\/wp-content\/uploads\/2020\/07\/marito_santani.jpeg","_links":{"self":[{"href":"https:\/\/agendaparaguay.com\/v2\/wp-json\/wp\/v2\/posts\/25556"}],"collection":[{"href":"https:\/\/agendaparaguay.com\/v2\/wp-json\/wp\/v2\/posts"}],"about":[{"href":"https:\/\/agendaparaguay.com\/v2\/wp-json\/wp\/v2\/types\/post"}],"author":[{"embeddable":true,"href":"https:\/\/agendaparaguay.com\/v2\/wp-json\/wp\/v2\/users\/1"}],"replies":[{"embeddable":true,"href":"https:\/\/agendaparaguay.com\/v2\/wp-json\/wp\/v2\/comments?post=25556"}],"version-history":[{"count":1,"href":"https:\/\/agendaparaguay.com\/v2\/wp-json\/wp\/v2\/posts\/25556\/revisions"}],"predecessor-version":[{"id":25557,"href":"https:\/\/agendaparaguay.com\/v2\/wp-json\/wp\/v2\/posts\/25556\/revisions\/25557"}],"wp:featuredmedia":[{"embeddable":true,"href":"https:\/\/agendaparaguay.com\/v2\/wp-json\/wp\/v2\/media\/23121"}],"wp:attachment":[{"href":"https:\/\/agendaparaguay.com\/v2\/wp-json\/wp\/v2\/media?parent=25556"}],"wp:term":[{"taxonomy":"category","embeddable":true,"href":"https:\/\/agendaparaguay.com\/v2\/wp-json\/wp\/v2\/categories?post=25556"},{"taxonomy":"post_tag","embeddable":true,"href":"https:\/\/agendaparaguay.com\/v2\/wp-json\/wp\/v2\/tags?post=25556"}],"curies":[{"name":"wp","href":"https:\/\/api.w.org\/{rel}","templated":true}]}}