{"id":25567,"date":"2020-09-28T17:00:37","date_gmt":"2020-09-28T21:00:37","guid":{"rendered":"http:\/\/agendaparaguay.com\/v2\/?p=25567"},"modified":"2020-09-28T15:19:39","modified_gmt":"2020-09-28T19:19:39","slug":"ande-fraccionara-automaticamente-facturas-no-exoneradas-entre-marzo-a-setiembre-de-2020","status":"publish","type":"post","link":"https:\/\/agendaparaguay.com\/v2\/2020\/09\/28\/ande-fraccionara-automaticamente-facturas-no-exoneradas-entre-marzo-a-setiembre-de-2020\/","title":{"rendered":"ANDE fraccionar\u00e1 autom\u00e1ticamente facturas no exoneradas entre marzo a setiembre de 2020"},"content":{"rendered":"<p style=\"text-align: justify;\">La Administraci\u00f3n Nacional de Electricidad (ANDE), confirm\u00f3 que las facturas impagas, emitidas entre marzo a setiembre de 2020 y que no fueron exoneradas mediante la Ley de Emergencia Sanitaria, ser\u00e1n fraccionadas de manera autom\u00e1tica, en 18 cuotas sin recargos ni intereses, y la primera cuota ser\u00e1 incluida en la factura a ser emitida en el mes de octubre de 2020.<!--more--><\/p>\n<p style=\"text-align: justify;\">La normativa establece que las facturas emitidas en los meses de marzo, abril, mayo, junio, julio, agosto y setiembre de 2020, que no fueron exoneradas, correspondientes a los grupos de consumo beneficiarios de la Ley 6524\/2020; ser\u00e1n fraccionadas de manera autom\u00e1tica, en 18 (dieciocho) cuotas sin recargos ni intereses, y la primera cuota ser\u00e1 incluida en la factura a ser emitida en el mes de octubre de 2020.<\/p>\n<p style=\"text-align: justify;\">En cuanto a las deudas impagas anteriores al \u201cPeriodo de Estado de Emergencia\u201d podr\u00e1n ser financiadas de acuerdo a los procedimientos comerciales vigentes en la Instituci\u00f3n, para cuyo caso, las solicitudes correspondientes deber\u00e1n ser gestionadas de manera presencial, de lunes a viernes, en el horario de 07:00 a 13:00 para la Sede Central de la ANDE y de 08:00 a 13:00 en el resto de los locales de Atenci\u00f3n al Cliente del Pa\u00eds.<\/p>\n<p style=\"text-align: justify;\">Los clientes, titulares de suministros de energ\u00eda el\u00e9ctrica que no deseen adherirse al fraccionamiento autom\u00e1tico, podr\u00e1n expresar su objeci\u00f3n a trav\u00e9s de la p\u00e1gina web institucional www.ande.gov.py; siendo la fecha tope para hacerlo el 5 de octubre de 2020, adjuntando el formulario habilitado de \u201cNo Conformidad\u201d y su fotocopia de c\u00e9dula de identidad. Descargue y remita el formulario a trav\u00e9s del siguiente enlace.<\/p>\n<p style=\"text-align: justify;\">La distribuci\u00f3n de facturas ser\u00e1 restablecida, en todo el territorio nacional, desde el mes de octubre del a\u00f1o en curso.<\/p>\n","protected":false},"excerpt":{"rendered":"<p>La Administraci\u00f3n Nacional de Electricidad (ANDE), confirm\u00f3 que las facturas impagas, emitidas entre marzo a setiembre de 2020 y que no fueron exoneradas mediante la Ley de Emergencia Sanitaria, ser\u00e1n&hellip; <\/p>\n","protected":false},"author":1,"featured_media":9888,"comment_status":"open","ping_status":"open","sticky":false,"template":"","format":"standard","meta":{"sfsi_plus_gutenberg_text_before_share":"","sfsi_plus_gutenberg_show_text_before_share":"","sfsi_plus_gutenberg_icon_type":"","sfsi_plus_gutenberg_icon_alignemt":"","sfsi_plus_gutenburg_max_per_row":"","footnotes":"","_jetpack_memberships_contains_paid_content":false,"jetpack_publicize_message":"","jetpack_publicize_feature_enabled":true,"jetpack_social_post_already_shared":true,"jetpack_social_options":{"image_generator_settings":{"template":"highway","enabled":false},"version":2}},"categories":[5],"tags":[],"jetpack_publicize_connections":[],"jetpack_sharing_enabled":true,"jetpack_featured_media_url":"https:\/\/agendaparaguay.com\/v2\/wp-content\/uploads\/2019\/06\/ande_transfrmadores_1.jpeg","_links":{"self":[{"href":"https:\/\/agendaparaguay.com\/v2\/wp-json\/wp\/v2\/posts\/25567"}],"collection":[{"href":"https:\/\/agendaparaguay.com\/v2\/wp-json\/wp\/v2\/posts"}],"about":[{"href":"https:\/\/agendaparaguay.com\/v2\/wp-json\/wp\/v2\/types\/post"}],"author":[{"embeddable":true,"href":"https:\/\/agendaparaguay.com\/v2\/wp-json\/wp\/v2\/users\/1"}],"replies":[{"embeddable":true,"href":"https:\/\/agendaparaguay.com\/v2\/wp-json\/wp\/v2\/comments?post=25567"}],"version-history":[{"count":1,"href":"https:\/\/agendaparaguay.com\/v2\/wp-json\/wp\/v2\/posts\/25567\/revisions"}],"predecessor-version":[{"id":25568,"href":"https:\/\/agendaparaguay.com\/v2\/wp-json\/wp\/v2\/posts\/25567\/revisions\/25568"}],"wp:featuredmedia":[{"embeddable":true,"href":"https:\/\/agendaparaguay.com\/v2\/wp-json\/wp\/v2\/media\/9888"}],"wp:attachment":[{"href":"https:\/\/agendaparaguay.com\/v2\/wp-json\/wp\/v2\/media?parent=25567"}],"wp:term":[{"taxonomy":"category","embeddable":true,"href":"https:\/\/agendaparaguay.com\/v2\/wp-json\/wp\/v2\/categories?post=25567"},{"taxonomy":"post_tag","embeddable":true,"href":"https:\/\/agendaparaguay.com\/v2\/wp-json\/wp\/v2\/tags?post=25567"}],"curies":[{"name":"wp","href":"https:\/\/api.w.org\/{rel}","templated":true}]}}