{"id":25940,"date":"2020-10-09T09:35:44","date_gmt":"2020-10-09T12:35:44","guid":{"rendered":"http:\/\/agendaparaguay.com\/v2\/?p=25940"},"modified":"2020-10-09T09:35:44","modified_gmt":"2020-10-09T12:35:44","slug":"paraguay-y-brasil-reabriran-fronteras-en-la-quincena-y-aeropuerto-entrara-a-funcionar-desde-el-21","status":"publish","type":"post","link":"https:\/\/agendaparaguay.com\/v2\/2020\/10\/09\/paraguay-y-brasil-reabriran-fronteras-en-la-quincena-y-aeropuerto-entrara-a-funcionar-desde-el-21\/","title":{"rendered":"Paraguay y Brasil reabrir\u00e1n fronteras en la quincena y aeropuerto entrar\u00e1 a funcionar desde el 21"},"content":{"rendered":"<p style=\"text-align: justify;\">En conferencia de prensa, el ministro asesor de Asuntos Internacionales de la Presidencia, Federico Gonz\u00e1lez, confirm\u00f3 que, la reapertura del Puente de la Amistad se dar\u00e1 desde el 15 de octubre y desde el 21 de este mes se reanudar\u00e1n las operaciones en el Aeropuerto Silvio Pettirossi.<!--more--><\/p>\n<p style=\"text-align: justify;\">\u00abPuedo confirmar que la reapertura del Puente de la Amistad se dar\u00e1 en fecha 15 de octubre, con un encuentro entre los presidentes Mario Abdo Ben\u00edtez y Jair Bolsonaro. Eso est\u00e1 confirmado oficialmente\u201d, afirm\u00f3 Gonz\u00e1lez. El horario establecido para el ingreso de turistas por el Puente de la Amistad ser\u00e1 de 05:00 a 18:00.<\/p>\n<p style=\"text-align: justify;\">En cuanto a los vuelos internacionales refiri\u00f3 que, por disposici\u00f3n del presidente, en fecha 21 de octubre se reabrir\u00e1 el Aeropuerto Silvio Pettirossi. \u201cSer\u00e1 inicialmente en el marco de un plan piloto. Los vuelos humanitarios y vuelos burbujas se convertir\u00e1n en vuelos regulares y comerciales\u201d, refiri\u00f3.<\/p>\n<p style=\"text-align: justify;\">El protocolo aprobado por el Ministerio de Salud P\u00fablica y Bienestar Social (Mspybs) para el ingreso al pa\u00eds de las personas que se lleguen al pa\u00eds por medio de los vuelos son: guardar cuarentena en su domicilio por 14 d\u00edas y el pasajero que cuente con el test covid-19 negativo (-) podr\u00e1 guardar cuarentena por 7 d\u00edas. Posteriormente se deber\u00e1 realizar otro test con resultado negativo para retomar sus actividades.<\/p>\n<p style=\"text-align: justify;\">Gonz\u00e1lez, explic\u00f3 que todos los viajeros que ingresen al pa\u00eds deber\u00e1n ce\u00f1irse obligatoriamente a los protocolos sanitarios vigentes para evitar la expansi\u00f3n de la enfermedad como son: el uso correcto de la mascarillas o tapabocas, as\u00ed tambi\u00e9n el lavado de manos, el uso del alcohol en manos y el respeto del distanciamiento f\u00edsico de dos metros o m\u00e1s.<\/p>\n<p style=\"text-align: justify;\">A su turno el titular de la Direcci\u00f3n Nacional de Aeron\u00e1utica Civil (Dinac), F\u00e9lix Kanazawa, asegur\u00f3 que los aeropuertos Silvio Pettirossi y Guaran\u00ed est\u00e1n en condiciones de recibir vuelos regulares cumpliendo con los requerimientos internacionales.<\/p>\n<p style=\"text-align: justify;\">Dijo que las aeronaves ser\u00e1n desinfectadas con un sistema muy parecido a la Unidad de Terapia Intensiva de los hospitales y habr\u00e1 control de temperatura por medio de c\u00e1maras t\u00e9rmicas y se estableci\u00f3 la se\u00f1al\u00e9tica necesaria.<\/p>\n<p style=\"text-align: justify;\">De la conferencia de prensa realizada este viernes en la sede del Consejo de Defensa Nacional (Codena) participaron tambi\u00e9n la titular de la Direcci\u00f3n General de Migraciones (DGM), \u00c1ngeles Arriola, el viceministro de Rector\u00eda y Vigilancia de la Salud, Julio Rol\u00f3n, entre otros.<\/p>\n","protected":false},"excerpt":{"rendered":"<p>En conferencia de prensa, el ministro asesor de Asuntos Internacionales de la Presidencia, Federico Gonz\u00e1lez, confirm\u00f3 que, la reapertura del Puente de la Amistad se dar\u00e1 desde el 15 de&hellip; <\/p>\n","protected":false},"author":1,"featured_media":20420,"comment_status":"open","ping_status":"open","sticky":false,"template":"","format":"standard","meta":{"sfsi_plus_gutenberg_text_before_share":"","sfsi_plus_gutenberg_show_text_before_share":"","sfsi_plus_gutenberg_icon_type":"","sfsi_plus_gutenberg_icon_alignemt":"","sfsi_plus_gutenburg_max_per_row":"","footnotes":"","_jetpack_memberships_contains_paid_content":false,"jetpack_publicize_message":"","jetpack_publicize_feature_enabled":true,"jetpack_social_post_already_shared":true,"jetpack_social_options":{"image_generator_settings":{"template":"highway","enabled":false},"version":2}},"categories":[5],"tags":[],"jetpack_publicize_connections":[],"jetpack_sharing_enabled":true,"jetpack_featured_media_url":"https:\/\/agendaparaguay.com\/v2\/wp-content\/uploads\/2020\/05\/cde_puente.jpg","_links":{"self":[{"href":"https:\/\/agendaparaguay.com\/v2\/wp-json\/wp\/v2\/posts\/25940"}],"collection":[{"href":"https:\/\/agendaparaguay.com\/v2\/wp-json\/wp\/v2\/posts"}],"about":[{"href":"https:\/\/agendaparaguay.com\/v2\/wp-json\/wp\/v2\/types\/post"}],"author":[{"embeddable":true,"href":"https:\/\/agendaparaguay.com\/v2\/wp-json\/wp\/v2\/users\/1"}],"replies":[{"embeddable":true,"href":"https:\/\/agendaparaguay.com\/v2\/wp-json\/wp\/v2\/comments?post=25940"}],"version-history":[{"count":1,"href":"https:\/\/agendaparaguay.com\/v2\/wp-json\/wp\/v2\/posts\/25940\/revisions"}],"predecessor-version":[{"id":25941,"href":"https:\/\/agendaparaguay.com\/v2\/wp-json\/wp\/v2\/posts\/25940\/revisions\/25941"}],"wp:featuredmedia":[{"embeddable":true,"href":"https:\/\/agendaparaguay.com\/v2\/wp-json\/wp\/v2\/media\/20420"}],"wp:attachment":[{"href":"https:\/\/agendaparaguay.com\/v2\/wp-json\/wp\/v2\/media?parent=25940"}],"wp:term":[{"taxonomy":"category","embeddable":true,"href":"https:\/\/agendaparaguay.com\/v2\/wp-json\/wp\/v2\/categories?post=25940"},{"taxonomy":"post_tag","embeddable":true,"href":"https:\/\/agendaparaguay.com\/v2\/wp-json\/wp\/v2\/tags?post=25940"}],"curies":[{"name":"wp","href":"https:\/\/api.w.org\/{rel}","templated":true}]}}