{"id":26065,"date":"2020-10-13T16:39:46","date_gmt":"2020-10-13T19:39:46","guid":{"rendered":"http:\/\/agendaparaguay.com\/v2\/?p=26065"},"modified":"2020-10-13T16:39:46","modified_gmt":"2020-10-13T19:39:46","slug":"ratifican-condena-de-soares-y-guachire","status":"publish","type":"post","link":"https:\/\/agendaparaguay.com\/v2\/2020\/10\/13\/ratifican-condena-de-soares-y-guachire\/","title":{"rendered":"Ratifican condena de Soares y Guachir\u00e9"},"content":{"rendered":"<p style=\"text-align: justify;\">El Tribunal de Apelaciones integrada por Gustavo Santander, Crist\u00f3bal S\u00e1nchez y Gustavo Auadre ratificaron la condena de Camilo Soares, a 5 a\u00f1os de prisi\u00f3n y Alfredo Guachir\u00e9 a 3 a\u00f1os y nueve meses, por lesi\u00f3n de confianza.<!--more--><\/p>\n<p style=\"text-align: justify;\">Es en el marco del sonado caso de \u201ccoquitos de oro\u201d, expediente que data del a\u00f1o 2009, cuando Soares se desempe\u00f1aba como Ministro de Emergencia Nacional, mientras Guachir\u00e9 era el Director Administrativo.<\/p>\n<p style=\"text-align: justify;\">En principio s\u00f3lo queda una instancia m\u00e1s donde puedan recurrir ambos, cual es la sala penal de la Corte, donde pueden presentar un recurso de Casaci\u00f3n.<\/p>\n","protected":false},"excerpt":{"rendered":"<p>El Tribunal de Apelaciones integrada por Gustavo Santander, Crist\u00f3bal S\u00e1nchez y Gustavo Auadre ratificaron la condena de Camilo Soares, a 5 a\u00f1os de prisi\u00f3n y Alfredo Guachir\u00e9 a 3 a\u00f1os&hellip; <\/p>\n","protected":false},"author":1,"featured_media":16251,"comment_status":"open","ping_status":"open","sticky":false,"template":"","format":"standard","meta":{"sfsi_plus_gutenberg_text_before_share":"","sfsi_plus_gutenberg_show_text_before_share":"","sfsi_plus_gutenberg_icon_type":"","sfsi_plus_gutenberg_icon_alignemt":"","sfsi_plus_gutenburg_max_per_row":"","footnotes":"","_jetpack_memberships_contains_paid_content":false,"jetpack_publicize_message":"","jetpack_publicize_feature_enabled":true,"jetpack_social_post_already_shared":true,"jetpack_social_options":{"image_generator_settings":{"template":"highway","enabled":false},"version":2}},"categories":[5],"tags":[],"jetpack_publicize_connections":[],"jetpack_sharing_enabled":true,"jetpack_featured_media_url":"https:\/\/agendaparaguay.com\/v2\/wp-content\/uploads\/2019\/12\/camilo_soares.jpeg","_links":{"self":[{"href":"https:\/\/agendaparaguay.com\/v2\/wp-json\/wp\/v2\/posts\/26065"}],"collection":[{"href":"https:\/\/agendaparaguay.com\/v2\/wp-json\/wp\/v2\/posts"}],"about":[{"href":"https:\/\/agendaparaguay.com\/v2\/wp-json\/wp\/v2\/types\/post"}],"author":[{"embeddable":true,"href":"https:\/\/agendaparaguay.com\/v2\/wp-json\/wp\/v2\/users\/1"}],"replies":[{"embeddable":true,"href":"https:\/\/agendaparaguay.com\/v2\/wp-json\/wp\/v2\/comments?post=26065"}],"version-history":[{"count":1,"href":"https:\/\/agendaparaguay.com\/v2\/wp-json\/wp\/v2\/posts\/26065\/revisions"}],"predecessor-version":[{"id":26066,"href":"https:\/\/agendaparaguay.com\/v2\/wp-json\/wp\/v2\/posts\/26065\/revisions\/26066"}],"wp:featuredmedia":[{"embeddable":true,"href":"https:\/\/agendaparaguay.com\/v2\/wp-json\/wp\/v2\/media\/16251"}],"wp:attachment":[{"href":"https:\/\/agendaparaguay.com\/v2\/wp-json\/wp\/v2\/media?parent=26065"}],"wp:term":[{"taxonomy":"category","embeddable":true,"href":"https:\/\/agendaparaguay.com\/v2\/wp-json\/wp\/v2\/categories?post=26065"},{"taxonomy":"post_tag","embeddable":true,"href":"https:\/\/agendaparaguay.com\/v2\/wp-json\/wp\/v2\/tags?post=26065"}],"curies":[{"name":"wp","href":"https:\/\/api.w.org\/{rel}","templated":true}]}}