{"id":26563,"date":"2020-10-27T10:10:15","date_gmt":"2020-10-27T13:10:15","guid":{"rendered":"http:\/\/agendaparaguay.com\/v2\/?p=26563"},"modified":"2020-10-27T12:15:32","modified_gmt":"2020-10-27T15:15:32","slug":"perdida-de-investidura-sixto-pereira-habla-de-una-cuestion-politica","status":"publish","type":"post","link":"https:\/\/agendaparaguay.com\/v2\/2020\/10\/27\/perdida-de-investidura-sixto-pereira-habla-de-una-cuestion-politica\/","title":{"rendered":"P\u00e9rdida de Investidura: Sixto Pereira habla de una \u00abcuesti\u00f3n pol\u00edtica\u00bb"},"content":{"rendered":"<p style=\"text-align: justify;\">En declaraciones a Radio \u00d1anduti, el senador del Frente Guas\u00fa, Sixto Pereira, expres\u00f3 que el pedido de p\u00e9rdida de investidura presentado en su contra en la C\u00e1mara de Senadores \u00abes m\u00e1s que una cuesti\u00f3n legal, es una cuesti\u00f3n pol\u00edtica\u00bb.<!--more--><\/p>\n<p style=\"text-align: justify;\">Resalt\u00f3 que no puede negar su historia de lucha a favor de la agricultura familiar campesina y en consecuencia integra la Comisi\u00f3n de Reforma agraria en la c\u00e1mara alta.<\/p>\n<p style=\"text-align: justify;\">\u00abUna comisi\u00f3n vino al Senado a denunciar que hay un excedente de las tierras y pidi\u00f3 nuestra intermediaci\u00f3n y nosotros hicimos la investigaci\u00f3n (&#8230;). Aparentemente hay superposici\u00f3n de t\u00edtulos\u00bb, refiri\u00f3.<\/p>\n<p style=\"text-align: justify;\">\u00abNosotros dentro de nuestra tarea parlamentaria lo que hacemos cuando hay peticiones que vienen de intermediaci\u00f3n nosotros escuchamos eso y tramitamos institucionalmente\u00bb, se\u00f1al\u00f3 Pereira a la 1020 am.<\/p>\n<p style=\"text-align: justify;\">Cabe destacar que varios senadores colorados y liberales presentaron en la v\u00edspera el proyecto de Resoluci\u00f3n por el que se aplica el art\u00edculo 201 de la Constituci\u00f3n Nacional, referente a la P\u00e9rdida de Investidura del senador Sixto Pereira.<\/p>\n","protected":false},"excerpt":{"rendered":"<p>En declaraciones a Radio \u00d1anduti, el senador del Frente Guas\u00fa, Sixto Pereira, expres\u00f3 que el pedido de p\u00e9rdida de investidura presentado en su contra en la C\u00e1mara de Senadores \u00abes&hellip; <\/p>\n","protected":false},"author":1,"featured_media":22492,"comment_status":"open","ping_status":"open","sticky":false,"template":"","format":"standard","meta":{"sfsi_plus_gutenberg_text_before_share":"","sfsi_plus_gutenberg_show_text_before_share":"","sfsi_plus_gutenberg_icon_type":"","sfsi_plus_gutenberg_icon_alignemt":"","sfsi_plus_gutenburg_max_per_row":"","footnotes":"","_jetpack_memberships_contains_paid_content":false,"jetpack_publicize_message":"","jetpack_publicize_feature_enabled":true,"jetpack_social_post_already_shared":true,"jetpack_social_options":{"image_generator_settings":{"template":"highway","enabled":false},"version":2}},"categories":[3],"tags":[],"jetpack_publicize_connections":[],"jetpack_sharing_enabled":true,"jetpack_featured_media_url":"https:\/\/agendaparaguay.com\/v2\/wp-content\/uploads\/2020\/07\/sixto_pereira.jpeg","_links":{"self":[{"href":"https:\/\/agendaparaguay.com\/v2\/wp-json\/wp\/v2\/posts\/26563"}],"collection":[{"href":"https:\/\/agendaparaguay.com\/v2\/wp-json\/wp\/v2\/posts"}],"about":[{"href":"https:\/\/agendaparaguay.com\/v2\/wp-json\/wp\/v2\/types\/post"}],"author":[{"embeddable":true,"href":"https:\/\/agendaparaguay.com\/v2\/wp-json\/wp\/v2\/users\/1"}],"replies":[{"embeddable":true,"href":"https:\/\/agendaparaguay.com\/v2\/wp-json\/wp\/v2\/comments?post=26563"}],"version-history":[{"count":1,"href":"https:\/\/agendaparaguay.com\/v2\/wp-json\/wp\/v2\/posts\/26563\/revisions"}],"predecessor-version":[{"id":26564,"href":"https:\/\/agendaparaguay.com\/v2\/wp-json\/wp\/v2\/posts\/26563\/revisions\/26564"}],"wp:featuredmedia":[{"embeddable":true,"href":"https:\/\/agendaparaguay.com\/v2\/wp-json\/wp\/v2\/media\/22492"}],"wp:attachment":[{"href":"https:\/\/agendaparaguay.com\/v2\/wp-json\/wp\/v2\/media?parent=26563"}],"wp:term":[{"taxonomy":"category","embeddable":true,"href":"https:\/\/agendaparaguay.com\/v2\/wp-json\/wp\/v2\/categories?post=26563"},{"taxonomy":"post_tag","embeddable":true,"href":"https:\/\/agendaparaguay.com\/v2\/wp-json\/wp\/v2\/tags?post=26563"}],"curies":[{"name":"wp","href":"https:\/\/api.w.org\/{rel}","templated":true}]}}