{"id":26567,"date":"2020-10-27T11:50:02","date_gmt":"2020-10-27T14:50:02","guid":{"rendered":"http:\/\/agendaparaguay.com\/v2\/?p=26567"},"modified":"2020-10-27T12:48:13","modified_gmt":"2020-10-27T15:48:13","slug":"caminera-no-aplicaran-multas-por-documentos-vencidos-hasta-el-30-de-noviembre","status":"publish","type":"post","link":"https:\/\/agendaparaguay.com\/v2\/2020\/10\/27\/caminera-no-aplicaran-multas-por-documentos-vencidos-hasta-el-30-de-noviembre\/","title":{"rendered":"Caminera no aplicar\u00e1n multas por documentos vencidos hasta el 30 de noviembre"},"content":{"rendered":"<p style=\"text-align: justify;\">La informaci\u00f3n fue confirmada por Clara Alvarenga, jefa de Relaci\u00f3n P\u00fablicas de la Patrulla Caminera, en declaraciones a NPY.<!--more--><\/p>\n<p style=\"text-align: justify;\">La funcionaria resalt\u00f3 que las multas por vencimientos no ser\u00e1n aplicadas hasta fines del mes de noviembre, ya sea, en casos de licencias de conducir o habilitaciones de los rodados, as\u00ed como chapas provisorias.<\/p>\n<p style=\"text-align: justify;\">Anunci\u00f3 que habr\u00e1 controles, pero, asegur\u00f3 que \u00abhay una pr\u00f3rroga con respecto al vencimiento de las documentaciones del rodado hasta el 30 de noviembre\u00bb, por lo que no habr\u00e1 multas.<\/p>\n","protected":false},"excerpt":{"rendered":"<p>La informaci\u00f3n fue confirmada por Clara Alvarenga, jefa de Relaci\u00f3n P\u00fablicas de la Patrulla Caminera, en declaraciones a NPY.<\/p>\n","protected":false},"author":1,"featured_media":6013,"comment_status":"open","ping_status":"open","sticky":false,"template":"","format":"standard","meta":{"sfsi_plus_gutenberg_text_before_share":"","sfsi_plus_gutenberg_show_text_before_share":"","sfsi_plus_gutenberg_icon_type":"","sfsi_plus_gutenberg_icon_alignemt":"","sfsi_plus_gutenburg_max_per_row":"","footnotes":"","_jetpack_memberships_contains_paid_content":false,"jetpack_publicize_message":"","jetpack_publicize_feature_enabled":true,"jetpack_social_post_already_shared":true,"jetpack_social_options":{"image_generator_settings":{"template":"highway","enabled":false},"version":2}},"categories":[5],"tags":[],"jetpack_publicize_connections":[],"jetpack_sharing_enabled":true,"jetpack_featured_media_url":"https:\/\/agendaparaguay.com\/v2\/wp-content\/uploads\/2019\/03\/caminera_2019.jpg","_links":{"self":[{"href":"https:\/\/agendaparaguay.com\/v2\/wp-json\/wp\/v2\/posts\/26567"}],"collection":[{"href":"https:\/\/agendaparaguay.com\/v2\/wp-json\/wp\/v2\/posts"}],"about":[{"href":"https:\/\/agendaparaguay.com\/v2\/wp-json\/wp\/v2\/types\/post"}],"author":[{"embeddable":true,"href":"https:\/\/agendaparaguay.com\/v2\/wp-json\/wp\/v2\/users\/1"}],"replies":[{"embeddable":true,"href":"https:\/\/agendaparaguay.com\/v2\/wp-json\/wp\/v2\/comments?post=26567"}],"version-history":[{"count":1,"href":"https:\/\/agendaparaguay.com\/v2\/wp-json\/wp\/v2\/posts\/26567\/revisions"}],"predecessor-version":[{"id":26568,"href":"https:\/\/agendaparaguay.com\/v2\/wp-json\/wp\/v2\/posts\/26567\/revisions\/26568"}],"wp:featuredmedia":[{"embeddable":true,"href":"https:\/\/agendaparaguay.com\/v2\/wp-json\/wp\/v2\/media\/6013"}],"wp:attachment":[{"href":"https:\/\/agendaparaguay.com\/v2\/wp-json\/wp\/v2\/media?parent=26567"}],"wp:term":[{"taxonomy":"category","embeddable":true,"href":"https:\/\/agendaparaguay.com\/v2\/wp-json\/wp\/v2\/categories?post=26567"},{"taxonomy":"post_tag","embeddable":true,"href":"https:\/\/agendaparaguay.com\/v2\/wp-json\/wp\/v2\/tags?post=26567"}],"curies":[{"name":"wp","href":"https:\/\/api.w.org\/{rel}","templated":true}]}}