{"id":27059,"date":"2020-11-09T16:50:10","date_gmt":"2020-11-09T19:50:10","guid":{"rendered":"http:\/\/agendaparaguay.com\/v2\/?p=27059"},"modified":"2020-11-09T14:29:38","modified_gmt":"2020-11-09T17:29:38","slug":"confirman-restauracion-del-palacio-de-lopez-y-su-entorno-2","status":"publish","type":"post","link":"https:\/\/agendaparaguay.com\/v2\/2020\/11\/09\/confirman-restauracion-del-palacio-de-lopez-y-su-entorno-2\/","title":{"rendered":"Confirman restauraci\u00f3n del Palacio de L\u00f3pez y su entorno"},"content":{"rendered":"<p style=\"text-align: justify;\">En conferencia de prensa, responsables del Ministerio de Obras P\u00fablicas y representantes del Consorcio de Restauraci\u00f3n confirmaron que el Palacio de Gobierno y su entorno ser\u00e1 sometido a trabajos de restauraci\u00f3n que durar\u00e1n unos 30 meses.<!--more--><\/p>\n<p style=\"text-align: justify;\">Seg\u00fan indicaron, la prioridad es reforzar la estructura del edificio, ya que el ala oeste est\u00e1 comprometida desde la cubierta de los techos, mientras que la estructura portante que se encuentra muy deteriorada. Detallaron los alcances de los trabajos de restauraci\u00f3n y puesta en valor del edificio del Palacio de Gobierno y su entorno inmediato.<\/p>\n<p style=\"text-align: justify;\">En la ocasi\u00f3n, el director de Obras, Antonio Cabrera, inform\u00f3 que actualmente est\u00e1n en la etapa preliminar, es decir acompa\u00f1ando el traslado de autoridades y funcionarios a otras \u00e1reas del ala este. Las intervenciones se iniciar\u00e1n en el subsuelo con la liberaci\u00f3n de piso granito y de las paredes, piso y escalera.<\/p>\n<p style=\"text-align: justify;\">\u201cEstamos liberando algunos espacios para que se puedan iniciar los trabajos, el \u00e1rea m\u00e1s importante a liberar es el subsuelo porque todo el ala oeste estar\u00e1 cerrado que ser\u00e1 sujeto de la intervenci\u00f3n y recuperaci\u00f3n del edificio\u201d, detall\u00f3.<\/p>\n<p style=\"text-align: justify;\">A su vez, el arquitecto Jos\u00e9 Mar\u00eda Calvo, explic\u00f3 que el edificio hist\u00f3rico ser\u00e1 restaurado, siete a\u00f1os despu\u00e9s de las \u00faltimas intervenciones que abarcaron en aquella oportunidad, solo el ala este y ahora se extender\u00e1 el oeste, que da hacia la calle Ayolas.<\/p>\n<p style=\"text-align: justify;\">\u201cNos encontramos con un edificio que data antes de la Guerra Grande, con las deficiencias estructurales y del comportamiento que con los a\u00f1os asumen los edificios, con lo cual apuntamos a la consolidaci\u00f3n del mismo y todo lo constitutivo del edificio\u201d, indic\u00f3.<\/p>\n<p style=\"text-align: justify;\">Las obras se centrar\u00e1n en toda la estructura de la parte oeste, desde el subsuelo hasta la azotea, y tambi\u00e9n se restaurar\u00e1n las obras pict\u00f3ricas y ornamentales que se encuentran en esta parte.<\/p>\n<p style=\"text-align: justify;\">Manifest\u00f3 que una parte del Palacio de L\u00f3pez estar\u00e1 cerrado, no obstante el objetivo es garantizar que el mandatario y sus principales colaboradores sigan trabajando all\u00ed pese al desarrollo de las obras.<\/p>\n<p style=\"text-align: justify;\">Remarc\u00f3 que en el primer a\u00f1o de obras se abocar\u00e1n al refuerzo de las estructuras del edificio, posteriormente todo lo relacionado a las pinturas, murales y otras cuestiones puntuales.<\/p>\n<p style=\"text-align: justify;\">\u201cVamos a empezar a organizar los trabajos en base a la metodolog\u00eda aplicada a la restauraci\u00f3n, prosiguiendo con las liberaciones de aquellos agregados que no son parte del edificio, de manera a que el mismo recupere su materialidad e integralidad original\u201d, a\u00f1adi\u00f3. Fuente: Ip<\/p>\n","protected":false},"excerpt":{"rendered":"<p>En conferencia de prensa, responsables del Ministerio de Obras P\u00fablicas y representantes del Consorcio de Restauraci\u00f3n confirmaron que el Palacio de Gobierno y su entorno ser\u00e1 sometido a trabajos de&hellip; <\/p>\n","protected":false},"author":1,"featured_media":27061,"comment_status":"open","ping_status":"open","sticky":false,"template":"","format":"standard","meta":{"sfsi_plus_gutenberg_text_before_share":"","sfsi_plus_gutenberg_show_text_before_share":"","sfsi_plus_gutenberg_icon_type":"","sfsi_plus_gutenberg_icon_alignemt":"","sfsi_plus_gutenburg_max_per_row":"","footnotes":"","_jetpack_memberships_contains_paid_content":false,"jetpack_publicize_message":"","jetpack_publicize_feature_enabled":true,"jetpack_social_post_already_shared":true,"jetpack_social_options":{"image_generator_settings":{"template":"highway","enabled":false},"version":2}},"categories":[5],"tags":[],"jetpack_publicize_connections":[],"jetpack_sharing_enabled":true,"jetpack_featured_media_url":"https:\/\/agendaparaguay.com\/v2\/wp-content\/uploads\/2020\/11\/palacio_lopez_guaido.jpg","_links":{"self":[{"href":"https:\/\/agendaparaguay.com\/v2\/wp-json\/wp\/v2\/posts\/27059"}],"collection":[{"href":"https:\/\/agendaparaguay.com\/v2\/wp-json\/wp\/v2\/posts"}],"about":[{"href":"https:\/\/agendaparaguay.com\/v2\/wp-json\/wp\/v2\/types\/post"}],"author":[{"embeddable":true,"href":"https:\/\/agendaparaguay.com\/v2\/wp-json\/wp\/v2\/users\/1"}],"replies":[{"embeddable":true,"href":"https:\/\/agendaparaguay.com\/v2\/wp-json\/wp\/v2\/comments?post=27059"}],"version-history":[{"count":1,"href":"https:\/\/agendaparaguay.com\/v2\/wp-json\/wp\/v2\/posts\/27059\/revisions"}],"predecessor-version":[{"id":27062,"href":"https:\/\/agendaparaguay.com\/v2\/wp-json\/wp\/v2\/posts\/27059\/revisions\/27062"}],"wp:featuredmedia":[{"embeddable":true,"href":"https:\/\/agendaparaguay.com\/v2\/wp-json\/wp\/v2\/media\/27061"}],"wp:attachment":[{"href":"https:\/\/agendaparaguay.com\/v2\/wp-json\/wp\/v2\/media?parent=27059"}],"wp:term":[{"taxonomy":"category","embeddable":true,"href":"https:\/\/agendaparaguay.com\/v2\/wp-json\/wp\/v2\/categories?post=27059"},{"taxonomy":"post_tag","embeddable":true,"href":"https:\/\/agendaparaguay.com\/v2\/wp-json\/wp\/v2\/tags?post=27059"}],"curies":[{"name":"wp","href":"https:\/\/api.w.org\/{rel}","templated":true}]}}