{"id":28286,"date":"2020-12-19T23:37:18","date_gmt":"2020-12-20T02:37:18","guid":{"rendered":"http:\/\/agendaparaguay.com\/v2\/?p=28286"},"modified":"2020-12-19T23:37:18","modified_gmt":"2020-12-20T02:37:18","slug":"senador-cuestiona-a-efrain-por-intentar-impedir-la-convencion-partidaria","status":"publish","type":"post","link":"https:\/\/agendaparaguay.com\/v2\/2020\/12\/19\/senador-cuestiona-a-efrain-por-intentar-impedir-la-convencion-partidaria\/","title":{"rendered":"Senador cuestiona a Efra\u00edn por intentar impedir la Convenci\u00f3n partidaria"},"content":{"rendered":"<p style=\"text-align: justify;\">En declaraciones a Radio \u00d1anduti, el Senador Fernando Silva Facetti cuestion\u00f3 al presidente de su partido, Efra\u00edn Alegre por intentar impedir la Convenci\u00f3n del PLRA convocada por m\u00e1s de 300 convencionales con firmas autenticadas, quienes debatir\u00e1n sobre el desdoblamiento de las elecciones.<!--more--><\/p>\n<p style=\"text-align: justify;\">El legislador resalt\u00f3 que Alegre pretende desconocer que los Convencionales son la m\u00e1xima autoridad partidaria, y que ni el presidente ni el directorio pueden impedir la realizaci\u00f3n de la Convenci\u00f3n.<\/p>\n<p style=\"text-align: justify;\">\u00abEste se\u00f1or va a tener que acatar lo que dice la convenci\u00f3n, es la m\u00e1xima autoridad del partido. Si no, va a tener las puertas abiertas, pero para retirarse del partido y creo que le va a hacer un favor\u00bb, expres\u00f3 Silva Facetti a \u00d1anduti.<\/p>\n<p style=\"text-align: justify;\">A\u00f1adi\u00f3, \u00abha fundido el partido, ha dividido el partido en sectores. Todos los que hoy son banderas y portaestand\u00e1rteres de esta revoluci\u00f3n son efrainistascue, que est\u00e1n hartos de esta dictadura de que todos los que piensan distinto van a ser echados del partido\u00bb.<\/p>\n<p style=\"text-align: justify;\">Finalmente record\u00f3 a Efra\u00edn alegre que \u00e9l lleg\u00f3 por esa v\u00eda a la presidencia por lo que ahora no puede alegar que es inconstitucional.<\/p>\n","protected":false},"excerpt":{"rendered":"<p>En declaraciones a Radio \u00d1anduti, el Senador Fernando Silva Facetti cuestion\u00f3 al presidente de su partido, Efra\u00edn Alegre por intentar impedir la Convenci\u00f3n del PLRA convocada por m\u00e1s de 300&hellip; <\/p>\n","protected":false},"author":1,"featured_media":26867,"comment_status":"open","ping_status":"open","sticky":false,"template":"","format":"standard","meta":{"sfsi_plus_gutenberg_text_before_share":"","sfsi_plus_gutenberg_show_text_before_share":"","sfsi_plus_gutenberg_icon_type":"","sfsi_plus_gutenberg_icon_alignemt":"","sfsi_plus_gutenburg_max_per_row":"","footnotes":"","_jetpack_memberships_contains_paid_content":false,"jetpack_publicize_message":"","jetpack_publicize_feature_enabled":true,"jetpack_social_post_already_shared":true,"jetpack_social_options":{"image_generator_settings":{"template":"highway","enabled":false},"version":2}},"categories":[2],"tags":[],"jetpack_publicize_connections":[],"jetpack_sharing_enabled":true,"jetpack_featured_media_url":"https:\/\/agendaparaguay.com\/v2\/wp-content\/uploads\/2020\/11\/senador_silva_facetti.jpg","_links":{"self":[{"href":"https:\/\/agendaparaguay.com\/v2\/wp-json\/wp\/v2\/posts\/28286"}],"collection":[{"href":"https:\/\/agendaparaguay.com\/v2\/wp-json\/wp\/v2\/posts"}],"about":[{"href":"https:\/\/agendaparaguay.com\/v2\/wp-json\/wp\/v2\/types\/post"}],"author":[{"embeddable":true,"href":"https:\/\/agendaparaguay.com\/v2\/wp-json\/wp\/v2\/users\/1"}],"replies":[{"embeddable":true,"href":"https:\/\/agendaparaguay.com\/v2\/wp-json\/wp\/v2\/comments?post=28286"}],"version-history":[{"count":1,"href":"https:\/\/agendaparaguay.com\/v2\/wp-json\/wp\/v2\/posts\/28286\/revisions"}],"predecessor-version":[{"id":28287,"href":"https:\/\/agendaparaguay.com\/v2\/wp-json\/wp\/v2\/posts\/28286\/revisions\/28287"}],"wp:featuredmedia":[{"embeddable":true,"href":"https:\/\/agendaparaguay.com\/v2\/wp-json\/wp\/v2\/media\/26867"}],"wp:attachment":[{"href":"https:\/\/agendaparaguay.com\/v2\/wp-json\/wp\/v2\/media?parent=28286"}],"wp:term":[{"taxonomy":"category","embeddable":true,"href":"https:\/\/agendaparaguay.com\/v2\/wp-json\/wp\/v2\/categories?post=28286"},{"taxonomy":"post_tag","embeddable":true,"href":"https:\/\/agendaparaguay.com\/v2\/wp-json\/wp\/v2\/tags?post=28286"}],"curies":[{"name":"wp","href":"https:\/\/api.w.org\/{rel}","templated":true}]}}