{"id":28292,"date":"2020-12-20T15:56:56","date_gmt":"2020-12-20T18:56:56","guid":{"rendered":"http:\/\/agendaparaguay.com\/v2\/?p=28292"},"modified":"2020-12-21T09:54:21","modified_gmt":"2020-12-21T12:54:21","slug":"senador-presenta-proyecto-de-ley-de-teletrabajo","status":"publish","type":"post","link":"https:\/\/agendaparaguay.com\/v2\/2020\/12\/20\/senador-presenta-proyecto-de-ley-de-teletrabajo\/","title":{"rendered":"Senador presenta proyecto de Ley de \u00abTeletrabajo\u00bb"},"content":{"rendered":"<p style=\"text-align: justify;\">En el marco de la Pandemia por COVID19 o Coronavirus, el senador colorado Mart\u00edn Arevalo present\u00f3 el protecto de ley del Teletrabajo.<!--more--><\/p>\n<p style=\"text-align: justify;\">El legislador explic\u00f3 que la propuesta de normativa surge pensando en todas aquellas personas que no pueden llegar a sus lugares de trabajo por circunstancias adversas, o que acudir f\u00edsicamente a sus lugares de trabajo los involucre en un peligro inminente, ya sea por la Pandemia del COVID19 o incluso por efectos clim\u00e1ticos.<\/p>\n<p style=\"text-align: justify;\">\u00abPor ejemplo; la pandemia, para evitar contagiarse o fen\u00f3menos clim\u00e1ticos como las intensas lluvias o raudales, que han cobrado v\u00edctimas fatales en nuestro pa\u00eds. Creo oportuna la necesidad de presentar un proyecto de ley que pretende aprobar \u201cel Teletrabajo\u201d en Paraguay, tanto para el sector privado y p\u00fablico; en trabajos que se puedan desarrollar de manera virtual; con excepci\u00f3n de aquellos trabajos manuales o que por su naturaleza, requieran necesariamente la presencia del trabajador\u00bb, explic\u00f3 el proyectista, el legislador Mart\u00edn Ar\u00e9valo.<\/p>\n<p style=\"text-align: justify;\">\u00abDe esta forma, se promueve el cuidado integral del trabajador y por supuesto tambi\u00e9n, se evita que este sea sancionado por su ausencia, considerando que los mismos continuar\u00e1n con sus funciones laborales desde sus hogares\u00bb, a\u00f1adi\u00f3.<\/p>\n<p style=\"text-align: justify;\">Insisti\u00f3 que la idea principal es que \u00abel trabajador no sea sancionado por su ausencia\u00bb.<\/p>\n","protected":false},"excerpt":{"rendered":"<p>En el marco de la Pandemia por COVID19 o Coronavirus, el senador colorado Mart\u00edn Arevalo present\u00f3 el protecto de ley del Teletrabajo.<\/p>\n","protected":false},"author":1,"featured_media":27970,"comment_status":"open","ping_status":"open","sticky":false,"template":"","format":"standard","meta":{"sfsi_plus_gutenberg_text_before_share":"","sfsi_plus_gutenberg_show_text_before_share":"","sfsi_plus_gutenberg_icon_type":"","sfsi_plus_gutenberg_icon_alignemt":"","sfsi_plus_gutenburg_max_per_row":"","footnotes":"","_jetpack_memberships_contains_paid_content":false,"jetpack_publicize_message":"","jetpack_publicize_feature_enabled":true,"jetpack_social_post_already_shared":true,"jetpack_social_options":{"image_generator_settings":{"template":"highway","enabled":false},"version":2}},"categories":[3],"tags":[],"jetpack_publicize_connections":[],"jetpack_sharing_enabled":true,"jetpack_featured_media_url":"https:\/\/agendaparaguay.com\/v2\/wp-content\/uploads\/2020\/12\/martin_arevalo_4.jpg","_links":{"self":[{"href":"https:\/\/agendaparaguay.com\/v2\/wp-json\/wp\/v2\/posts\/28292"}],"collection":[{"href":"https:\/\/agendaparaguay.com\/v2\/wp-json\/wp\/v2\/posts"}],"about":[{"href":"https:\/\/agendaparaguay.com\/v2\/wp-json\/wp\/v2\/types\/post"}],"author":[{"embeddable":true,"href":"https:\/\/agendaparaguay.com\/v2\/wp-json\/wp\/v2\/users\/1"}],"replies":[{"embeddable":true,"href":"https:\/\/agendaparaguay.com\/v2\/wp-json\/wp\/v2\/comments?post=28292"}],"version-history":[{"count":1,"href":"https:\/\/agendaparaguay.com\/v2\/wp-json\/wp\/v2\/posts\/28292\/revisions"}],"predecessor-version":[{"id":28293,"href":"https:\/\/agendaparaguay.com\/v2\/wp-json\/wp\/v2\/posts\/28292\/revisions\/28293"}],"wp:featuredmedia":[{"embeddable":true,"href":"https:\/\/agendaparaguay.com\/v2\/wp-json\/wp\/v2\/media\/27970"}],"wp:attachment":[{"href":"https:\/\/agendaparaguay.com\/v2\/wp-json\/wp\/v2\/media?parent=28292"}],"wp:term":[{"taxonomy":"category","embeddable":true,"href":"https:\/\/agendaparaguay.com\/v2\/wp-json\/wp\/v2\/categories?post=28292"},{"taxonomy":"post_tag","embeddable":true,"href":"https:\/\/agendaparaguay.com\/v2\/wp-json\/wp\/v2\/tags?post=28292"}],"curies":[{"name":"wp","href":"https:\/\/api.w.org\/{rel}","templated":true}]}}