{"id":28294,"date":"2020-12-20T16:36:59","date_gmt":"2020-12-20T19:36:59","guid":{"rendered":"http:\/\/agendaparaguay.com\/v2\/?p=28294"},"modified":"2020-12-21T09:54:34","modified_gmt":"2020-12-21T12:54:34","slug":"mayoria-de-convencionales-del-plra-a-favor-del-desdoblamiento-de-elecciones","status":"publish","type":"post","link":"https:\/\/agendaparaguay.com\/v2\/2020\/12\/20\/mayoria-de-convencionales-del-plra-a-favor-del-desdoblamiento-de-elecciones\/","title":{"rendered":"Mayor\u00eda de Convencionales del PLRA a favor del desdoblamiento de elecciones"},"content":{"rendered":"<p style=\"text-align: justify;\">Pese a la oposici\u00f3n del presidente del Partido Liberal Radical Aut\u00e9ntico, Efra\u00edn Alegre, as\u00ed como de los miembros del Directorio, una mayor\u00eda de los convencionales, es decir, la m\u00e1xima autoridad partidaria, decidi\u00f3 por amplia mayor\u00eda optar por desdoblar las pr\u00f3ximas elecciones.<!--more--><\/p>\n<p style=\"text-align: justify;\">Efra\u00edn Alegre, rechaz\u00f3 la decisi\u00f3n, y asegur\u00f3 que se trata de una \u00abconvenci\u00f3n MAU\u00bb.<\/p>\n<p style=\"text-align: justify;\">Cabe destacar que de acuerdo al conteo provisiorio, 563 convencionales estaban habilitados para sufragar, participaron 417 en 41 puntos de votaci\u00f3n en el pa\u00eds. 409 de ellos votaron por el s\u00ed al desdoblamiento. El intendente de Caaguaz\u00fa, Jos\u00e9 \u00abPapu\u00bb R\u00edos fue el presidente de la Convenci\u00f3n partidaria.<\/p>\n<p style=\"text-align: justify;\">En esta ocasi\u00f3n, la convenci\u00f3n cont\u00f3 con el apoyo no s\u00f3lo del sector llanista, sino adem\u00e1s de sectores liderados por Eusebio Ram\u00f3n Ayala, V\u00edctor R\u00edos, Jos\u00e9 Ledesma, Salyn Buzarquis, Amado Florent\u00edn, entre otros.<\/p>\n<p style=\"text-align: justify;\">Tanto Ayala como R\u00edos, abogados constitucionalistas defendieron la legalidad de la convocatoria.<\/p>\n<p style=\"text-align: justify;\">Por su parte, el senador Fernando Silva Facetti (abogado) asegur\u00f3 que ni el presidente del partido, ni el Directorio, ni el Comit\u00e9 Pol\u00edtico pueden estar por encima de la Convenci\u00f3n que es la m\u00e1xima autoridad Partidaria. Los senadores de la bancada A que lidera Hermelinda Alvarenga en la c\u00e1mara alta acompa\u00f1aron plenamente la posici\u00f3n de la mayor\u00eda de los convencionales.<\/p>\n<p style=\"text-align: justify;\">\n","protected":false},"excerpt":{"rendered":"<p>Pese a la oposici\u00f3n del presidente del Partido Liberal Radical Aut\u00e9ntico, Efra\u00edn Alegre, as\u00ed como de los miembros del Directorio, una mayor\u00eda de los convencionales, es decir, la m\u00e1xima autoridad&hellip; <\/p>\n","protected":false},"author":1,"featured_media":28295,"comment_status":"open","ping_status":"open","sticky":false,"template":"","format":"standard","meta":{"sfsi_plus_gutenberg_text_before_share":"","sfsi_plus_gutenberg_show_text_before_share":"","sfsi_plus_gutenberg_icon_type":"","sfsi_plus_gutenberg_icon_alignemt":"","sfsi_plus_gutenburg_max_per_row":"","footnotes":"","_jetpack_memberships_contains_paid_content":false,"jetpack_publicize_message":"","jetpack_publicize_feature_enabled":true,"jetpack_social_post_already_shared":true,"jetpack_social_options":{"image_generator_settings":{"template":"highway","enabled":false},"version":2}},"categories":[2],"tags":[],"jetpack_publicize_connections":[],"jetpack_sharing_enabled":true,"jetpack_featured_media_url":"https:\/\/agendaparaguay.com\/v2\/wp-content\/uploads\/2020\/12\/convencion_plra.jpg","_links":{"self":[{"href":"https:\/\/agendaparaguay.com\/v2\/wp-json\/wp\/v2\/posts\/28294"}],"collection":[{"href":"https:\/\/agendaparaguay.com\/v2\/wp-json\/wp\/v2\/posts"}],"about":[{"href":"https:\/\/agendaparaguay.com\/v2\/wp-json\/wp\/v2\/types\/post"}],"author":[{"embeddable":true,"href":"https:\/\/agendaparaguay.com\/v2\/wp-json\/wp\/v2\/users\/1"}],"replies":[{"embeddable":true,"href":"https:\/\/agendaparaguay.com\/v2\/wp-json\/wp\/v2\/comments?post=28294"}],"version-history":[{"count":3,"href":"https:\/\/agendaparaguay.com\/v2\/wp-json\/wp\/v2\/posts\/28294\/revisions"}],"predecessor-version":[{"id":28298,"href":"https:\/\/agendaparaguay.com\/v2\/wp-json\/wp\/v2\/posts\/28294\/revisions\/28298"}],"wp:featuredmedia":[{"embeddable":true,"href":"https:\/\/agendaparaguay.com\/v2\/wp-json\/wp\/v2\/media\/28295"}],"wp:attachment":[{"href":"https:\/\/agendaparaguay.com\/v2\/wp-json\/wp\/v2\/media?parent=28294"}],"wp:term":[{"taxonomy":"category","embeddable":true,"href":"https:\/\/agendaparaguay.com\/v2\/wp-json\/wp\/v2\/categories?post=28294"},{"taxonomy":"post_tag","embeddable":true,"href":"https:\/\/agendaparaguay.com\/v2\/wp-json\/wp\/v2\/tags?post=28294"}],"curies":[{"name":"wp","href":"https:\/\/api.w.org\/{rel}","templated":true}]}}