{"id":29181,"date":"2021-01-22T11:53:00","date_gmt":"2021-01-22T14:53:00","guid":{"rendered":"http:\/\/agendaparaguay.com\/v2\/?p=29181"},"modified":"2021-01-22T13:04:22","modified_gmt":"2021-01-22T16:04:22","slug":"renuncio-el-director-de-itaipu-ernest-bergen","status":"publish","type":"post","link":"https:\/\/agendaparaguay.com\/v2\/2021\/01\/22\/renuncio-el-director-de-itaipu-ernest-bergen\/","title":{"rendered":"Renunci\u00f3 el Director de Itaipu Ernest Bergen"},"content":{"rendered":"<p style=\"text-align: justify;\">Ernest Bergen, director paraguayo de Itaipu Binacional presento renuncia al cargo esta ma\u00f1ana, dimisi\u00f3n que fue aceptada por el presidente Mario Abdo Ben\u00edtez.<!--more--><\/p>\n<p style=\"text-align: justify;\">Aunque no trascendi\u00f3 los motivos, fuentes cercanas a al palacio de gobierno se\u00f1alan que Bergen alego \u00abcuestiones personales\u00bb.<\/p>\n<p style=\"text-align: justify;\">Hasta el momento no se menciona quien sustituir\u00e1 al ex alto funcionario, cargo apetecido por referentes pol\u00edticos cercanos al mandatario.<\/p>\n","protected":false},"excerpt":{"rendered":"<p>Ernest Bergen, director paraguayo de Itaipu Binacional presento renuncia al cargo esta ma\u00f1ana, dimisi\u00f3n que fue aceptada por el presidente Mario Abdo Ben\u00edtez.<\/p>\n","protected":false},"author":1,"featured_media":11207,"comment_status":"open","ping_status":"open","sticky":false,"template":"","format":"standard","meta":{"sfsi_plus_gutenberg_text_before_share":"","sfsi_plus_gutenberg_show_text_before_share":"","sfsi_plus_gutenberg_icon_type":"","sfsi_plus_gutenberg_icon_alignemt":"","sfsi_plus_gutenburg_max_per_row":"","footnotes":"","_jetpack_memberships_contains_paid_content":false,"jetpack_publicize_message":"","jetpack_publicize_feature_enabled":true,"jetpack_social_post_already_shared":true,"jetpack_social_options":{"image_generator_settings":{"template":"highway","enabled":false},"version":2}},"categories":[2],"tags":[],"jetpack_publicize_connections":[],"jetpack_sharing_enabled":true,"jetpack_featured_media_url":"https:\/\/agendaparaguay.com\/v2\/wp-content\/uploads\/2019\/07\/ernst_bergen.jpg","_links":{"self":[{"href":"https:\/\/agendaparaguay.com\/v2\/wp-json\/wp\/v2\/posts\/29181"}],"collection":[{"href":"https:\/\/agendaparaguay.com\/v2\/wp-json\/wp\/v2\/posts"}],"about":[{"href":"https:\/\/agendaparaguay.com\/v2\/wp-json\/wp\/v2\/types\/post"}],"author":[{"embeddable":true,"href":"https:\/\/agendaparaguay.com\/v2\/wp-json\/wp\/v2\/users\/1"}],"replies":[{"embeddable":true,"href":"https:\/\/agendaparaguay.com\/v2\/wp-json\/wp\/v2\/comments?post=29181"}],"version-history":[{"count":1,"href":"https:\/\/agendaparaguay.com\/v2\/wp-json\/wp\/v2\/posts\/29181\/revisions"}],"predecessor-version":[{"id":29182,"href":"https:\/\/agendaparaguay.com\/v2\/wp-json\/wp\/v2\/posts\/29181\/revisions\/29182"}],"wp:featuredmedia":[{"embeddable":true,"href":"https:\/\/agendaparaguay.com\/v2\/wp-json\/wp\/v2\/media\/11207"}],"wp:attachment":[{"href":"https:\/\/agendaparaguay.com\/v2\/wp-json\/wp\/v2\/media?parent=29181"}],"wp:term":[{"taxonomy":"category","embeddable":true,"href":"https:\/\/agendaparaguay.com\/v2\/wp-json\/wp\/v2\/categories?post=29181"},{"taxonomy":"post_tag","embeddable":true,"href":"https:\/\/agendaparaguay.com\/v2\/wp-json\/wp\/v2\/tags?post=29181"}],"curies":[{"name":"wp","href":"https:\/\/api.w.org\/{rel}","templated":true}]}}