{"id":29398,"date":"2021-01-29T11:10:11","date_gmt":"2021-01-29T14:10:11","guid":{"rendered":"http:\/\/agendaparaguay.com\/v2\/?p=29398"},"modified":"2021-01-29T10:48:26","modified_gmt":"2021-01-29T13:48:26","slug":"confirman-arresto-domiciliario-a-directivos-de-imedic","status":"publish","type":"post","link":"https:\/\/agendaparaguay.com\/v2\/2021\/01\/29\/confirman-arresto-domiciliario-a-directivos-de-imedic\/","title":{"rendered":"Confirman arresto domiciliario a Directivos de IMEDIC"},"content":{"rendered":"<p style=\"text-align: justify;\">Patricia Ferreira y Nidia Godoy de la firma IMEDIC guardar\u00e1n prisi\u00f3n domiciliaria tras la confirmaci\u00f3n de la resoluci\u00f3n de la jueza Clara Ruiz D\u00edaz, por parte del Tribunal de Apelaciones.<!--more--><\/p>\n<p style=\"text-align: justify;\">El Tribunal est\u00e1 integrado por los Magistrados \u00d3scar Rodr\u00edguez Kennedy, Gustavo Santander y Gustavo Auadre.<\/p>\n<p style=\"text-align: justify;\">Cabe destacar que el Abogado Andr\u00e9s Casatti hab\u00eda planteado una salida procesal de procedimiento abreviado con una condena de dos a\u00f1os de c\u00e1rcel con suspensi\u00f3n condicional del procedimiento y como reparaci\u00f3n del da\u00f1o social ofrec\u00eda 50 camas de terapia intensiva cuyo costo rondar\u00eda los 350.000 d\u00f3lares.<\/p>\n<p style=\"text-align: justify;\">Tanto Ferreira como Godoy est\u00e1n procesadas por la presunta falsificaci\u00f3n de facturas para el ingreso al pa\u00eds de medicamentos oncol\u00f3gicos.<\/p>\n","protected":false},"excerpt":{"rendered":"<p>Patricia Ferreira y Nidia Godoy de la firma IMEDIC guardar\u00e1n prisi\u00f3n domiciliaria tras la confirmaci\u00f3n de la resoluci\u00f3n de la jueza Clara Ruiz D\u00edaz, por parte del Tribunal de Apelaciones.<\/p>\n","protected":false},"author":1,"featured_media":23153,"comment_status":"open","ping_status":"open","sticky":false,"template":"","format":"standard","meta":{"sfsi_plus_gutenberg_text_before_share":"","sfsi_plus_gutenberg_show_text_before_share":"","sfsi_plus_gutenberg_icon_type":"","sfsi_plus_gutenberg_icon_alignemt":"","sfsi_plus_gutenburg_max_per_row":"","footnotes":"","_jetpack_memberships_contains_paid_content":false,"jetpack_publicize_message":"","jetpack_publicize_feature_enabled":true,"jetpack_social_post_already_shared":true,"jetpack_social_options":{"image_generator_settings":{"template":"highway","enabled":false},"version":2}},"categories":[5],"tags":[],"jetpack_publicize_connections":[],"jetpack_sharing_enabled":true,"jetpack_featured_media_url":"https:\/\/agendaparaguay.com\/v2\/wp-content\/uploads\/2020\/07\/imedic_patricia_ferreira_1.jpg","_links":{"self":[{"href":"https:\/\/agendaparaguay.com\/v2\/wp-json\/wp\/v2\/posts\/29398"}],"collection":[{"href":"https:\/\/agendaparaguay.com\/v2\/wp-json\/wp\/v2\/posts"}],"about":[{"href":"https:\/\/agendaparaguay.com\/v2\/wp-json\/wp\/v2\/types\/post"}],"author":[{"embeddable":true,"href":"https:\/\/agendaparaguay.com\/v2\/wp-json\/wp\/v2\/users\/1"}],"replies":[{"embeddable":true,"href":"https:\/\/agendaparaguay.com\/v2\/wp-json\/wp\/v2\/comments?post=29398"}],"version-history":[{"count":1,"href":"https:\/\/agendaparaguay.com\/v2\/wp-json\/wp\/v2\/posts\/29398\/revisions"}],"predecessor-version":[{"id":29399,"href":"https:\/\/agendaparaguay.com\/v2\/wp-json\/wp\/v2\/posts\/29398\/revisions\/29399"}],"wp:featuredmedia":[{"embeddable":true,"href":"https:\/\/agendaparaguay.com\/v2\/wp-json\/wp\/v2\/media\/23153"}],"wp:attachment":[{"href":"https:\/\/agendaparaguay.com\/v2\/wp-json\/wp\/v2\/media?parent=29398"}],"wp:term":[{"taxonomy":"category","embeddable":true,"href":"https:\/\/agendaparaguay.com\/v2\/wp-json\/wp\/v2\/categories?post=29398"},{"taxonomy":"post_tag","embeddable":true,"href":"https:\/\/agendaparaguay.com\/v2\/wp-json\/wp\/v2\/tags?post=29398"}],"curies":[{"name":"wp","href":"https:\/\/api.w.org\/{rel}","templated":true}]}}