{"id":29611,"date":"2021-02-04T14:10:56","date_gmt":"2021-02-04T17:10:56","guid":{"rendered":"http:\/\/agendaparaguay.com\/v2\/?p=29611"},"modified":"2021-02-04T16:13:18","modified_gmt":"2021-02-04T19:13:18","slug":"presidente-abdo-recibe-lluvia-de-criticas-de-legisladores-de-la-oposicion","status":"publish","type":"post","link":"https:\/\/agendaparaguay.com\/v2\/2021\/02\/04\/presidente-abdo-recibe-lluvia-de-criticas-de-legisladores-de-la-oposicion\/","title":{"rendered":"Presidente Abdo recibe lluvia de cr\u00edticas de legisladores de la oposici\u00f3n"},"content":{"rendered":"<p style=\"text-align: justify;\">Legisladores de distintos sectores criticaron duramente al presidente de la rep\u00fablica Mario Abdo Ben\u00edtez, quien respondi\u00f3 a un ciudadano que \u201cno es m\u00e9dico\u201d por lo que no sabe sobre la falta de insumos, durante un episodio ocurrido en Villarrica. \u00abYo no soy m\u00e9dico de ac\u00e1, moopio che aikuaap\u00e1ta\u00bb, fue la respuesta que dio a un ciudadano ante el reclamo por falta de medicamentos en el Hospital Regional de la mencionada ciudad.<!--more--><\/p>\n<p style=\"text-align: justify;\">El senador Jorque Querey del Frente Guasu tild\u00f3 de c\u00ednico al jefe de estado de quien dijo que da \u00abimpunidad de altos funcionarios\u00bb, resalt\u00f3.<\/p>\n<p style=\"text-align: justify;\">A\u00f1adi\u00f3 que la gente est\u00e1 gastando en medicamentos que deben estar en listado b\u00e1sico del Ministerio de Salud y reclam\u00f3 que existe un blindaje medi\u00e1tico en torno al ministro de Salud Julio Mazzoleni.<\/p>\n<p style=\"text-align: justify;\">La senadora Esperanza Mart\u00ednez por su parte se\u00f1al\u00f3 en su cuenta en twitter \u00abNo, Mario Abdo no es m\u00e9dico, pero lo m\u00e1s grave es que tampoco act\u00faa como presidente al no asumir su responsabilidad pol\u00edtica\u00bb<\/p>\n<p style=\"text-align: justify;\">El legislador del PLRA, Pastor Vera Vejarano tambi\u00e9n elevo su voz de protesta y exigi\u00f3 como legislador al presidente \u00abuna correcta y honesta ejecuci\u00f3n presupuestaria\u00bb<\/p>\n<p style=\"text-align: justify;\">\u00abSe\u00f1or presidente en tus manos est\u00e1 la vida de nuestro pueblo! As\u00ed son los reclamos diarios a nivel nacional!. C\u00f3mo paraguayo y legislador le exijo la correcta y honesta ejecuci\u00f3n presupuestaria q le aprobamos como representantes electos por la ciudadan\u00eda. #SaludP\u00fablicaEficiente\u00bb, escribi\u00f3 el diputado en su cuenta en twitter.<\/p>\n<p style=\"text-align: justify;\">Edgar Acosta, del PLRA tambi\u00e9n se pronunci\u00f3 afirmando que \u00abel mandatario est\u00e1 totalmente alejado de la realidad\u00bb.<\/p>\n<p style=\"text-align: justify;\">\u00abEl presidente de la Rep\u00fablica, est\u00e1 totalmente alejado de la realidad. De la forma que respondi\u00f3 a un ciudadano en Villa Rica, desesperado por la salud de su hermano, lo describe por completo. Vive en un mundo paralelo. Con recursos suficientes, no deber\u00eda faltar medicamentos\u00bb, resalt\u00f3.<\/p>\n<p style=\"text-align: justify;\">El Diputado del Partido Hagamos, Carlos Rejala, cuestiono las expresiones de Abdo Ben\u00edtez a quien record\u00f3 que \u201ces presidente de la rep\u00fablica y si no tiene respuestas le invito a dar un paso al costado\u201d. \u00abDedicate a leer la biblia\u00bb, ironiz\u00f3. Foto: Abc.<\/p>\n","protected":false},"excerpt":{"rendered":"<p>Legisladores de distintos sectores criticaron duramente al presidente de la rep\u00fablica Mario Abdo Ben\u00edtez, quien respondi\u00f3 a un ciudadano que \u201cno es m\u00e9dico\u201d por lo que no sabe sobre la&hellip; <\/p>\n","protected":false},"author":1,"featured_media":29612,"comment_status":"open","ping_status":"open","sticky":false,"template":"","format":"standard","meta":{"sfsi_plus_gutenberg_text_before_share":"","sfsi_plus_gutenberg_show_text_before_share":"","sfsi_plus_gutenberg_icon_type":"","sfsi_plus_gutenberg_icon_alignemt":"","sfsi_plus_gutenburg_max_per_row":"","footnotes":"","_jetpack_memberships_contains_paid_content":false,"jetpack_publicize_message":"","jetpack_publicize_feature_enabled":true,"jetpack_social_post_already_shared":true,"jetpack_social_options":{"image_generator_settings":{"template":"highway","enabled":false},"version":2}},"categories":[2],"tags":[],"jetpack_publicize_connections":[],"jetpack_sharing_enabled":true,"jetpack_featured_media_url":"https:\/\/agendaparaguay.com\/v2\/wp-content\/uploads\/2021\/02\/paciente_villarrica.jpg","_links":{"self":[{"href":"https:\/\/agendaparaguay.com\/v2\/wp-json\/wp\/v2\/posts\/29611"}],"collection":[{"href":"https:\/\/agendaparaguay.com\/v2\/wp-json\/wp\/v2\/posts"}],"about":[{"href":"https:\/\/agendaparaguay.com\/v2\/wp-json\/wp\/v2\/types\/post"}],"author":[{"embeddable":true,"href":"https:\/\/agendaparaguay.com\/v2\/wp-json\/wp\/v2\/users\/1"}],"replies":[{"embeddable":true,"href":"https:\/\/agendaparaguay.com\/v2\/wp-json\/wp\/v2\/comments?post=29611"}],"version-history":[{"count":1,"href":"https:\/\/agendaparaguay.com\/v2\/wp-json\/wp\/v2\/posts\/29611\/revisions"}],"predecessor-version":[{"id":29613,"href":"https:\/\/agendaparaguay.com\/v2\/wp-json\/wp\/v2\/posts\/29611\/revisions\/29613"}],"wp:featuredmedia":[{"embeddable":true,"href":"https:\/\/agendaparaguay.com\/v2\/wp-json\/wp\/v2\/media\/29612"}],"wp:attachment":[{"href":"https:\/\/agendaparaguay.com\/v2\/wp-json\/wp\/v2\/media?parent=29611"}],"wp:term":[{"taxonomy":"category","embeddable":true,"href":"https:\/\/agendaparaguay.com\/v2\/wp-json\/wp\/v2\/categories?post=29611"},{"taxonomy":"post_tag","embeddable":true,"href":"https:\/\/agendaparaguay.com\/v2\/wp-json\/wp\/v2\/tags?post=29611"}],"curies":[{"name":"wp","href":"https:\/\/api.w.org\/{rel}","templated":true}]}}