{"id":30829,"date":"2021-03-11T11:40:33","date_gmt":"2021-03-11T14:40:33","guid":{"rendered":"http:\/\/agendaparaguay.com\/v2\/?p=30829"},"modified":"2021-03-11T17:26:55","modified_gmt":"2021-03-11T20:26:55","slug":"richer-cambios-en-el-gabinete-son-a-imagen-y-semejanza-de-la-mediocridad-del-presidente","status":"publish","type":"post","link":"https:\/\/agendaparaguay.com\/v2\/2021\/03\/11\/richer-cambios-en-el-gabinete-son-a-imagen-y-semejanza-de-la-mediocridad-del-presidente\/","title":{"rendered":"Richer: \u00abCambios en el gabinete son a imagen y semejanza de la mediocridad del presidente\u00bb"},"content":{"rendered":"<p style=\"text-align: justify;\">El senador del Frente Guasu, Hugo Richer cuestion\u00f3 \u201cla poca visi\u00f3n\u201d que tiene el presidente de la rep\u00fablica, para designar nuevos ministros. En este sentido, dijo que el nuevo ministro de Educaci\u00f3n Juan Manuel Brunetti \u00abempez\u00f3 mal su gesti\u00f3n\u00bb con un discurso excluyente.<!--more--><\/p>\n<p style=\"text-align: justify;\">\u00abNo necesitamos una pol\u00edtica p\u00fablica como la planteada por Brunetti en nuestro pa\u00eds\u00bb, destac\u00f3 el legislador.<\/p>\n<p style=\"text-align: justify;\">\u00abEl ministro de educaci\u00f3n empez\u00f3 ofendiendo a las familias paraguayas, eso es lo que \u00e9l piensa y lo que piensa el gobierno, es una declaraci\u00f3n excluyente y no necesitamos ese tipo de pol\u00edtica p\u00fablica en Paraguay\u00bb, insisti\u00f3.<\/p>\n<p style=\"text-align: justify;\">Cuestion\u00f3 por otro lado la falta de trayectoria de la nueva ministra de la mujer, que llega en un momento en que se debe reafirmar la lucha de las mujeres.<\/p>\n<p style=\"text-align: justify;\">\u00abEstos nombramientos se dan a imagen y semejanza de la mediocridad del presidente de la rep\u00fablica\u00bb, se\u00f1al\u00f3 Richer.<\/p>\n","protected":false},"excerpt":{"rendered":"<p>El senador del Frente Guasu, Hugo Richer cuestion\u00f3 \u201cla poca visi\u00f3n\u201d que tiene el presidente de la rep\u00fablica, para designar nuevos ministros. En este sentido, dijo que el nuevo ministro&hellip; <\/p>\n","protected":false},"author":1,"featured_media":24181,"comment_status":"open","ping_status":"open","sticky":false,"template":"","format":"standard","meta":{"sfsi_plus_gutenberg_text_before_share":"","sfsi_plus_gutenberg_show_text_before_share":"","sfsi_plus_gutenberg_icon_type":"","sfsi_plus_gutenberg_icon_alignemt":"","sfsi_plus_gutenburg_max_per_row":"","footnotes":"","_jetpack_memberships_contains_paid_content":false,"jetpack_publicize_message":"","jetpack_publicize_feature_enabled":true,"jetpack_social_post_already_shared":true,"jetpack_social_options":{"image_generator_settings":{"template":"highway","enabled":false},"version":2}},"categories":[3],"tags":[],"jetpack_publicize_connections":[],"jetpack_sharing_enabled":true,"jetpack_featured_media_url":"https:\/\/agendaparaguay.com\/v2\/wp-content\/uploads\/2020\/08\/hugo_richer.jpeg","_links":{"self":[{"href":"https:\/\/agendaparaguay.com\/v2\/wp-json\/wp\/v2\/posts\/30829"}],"collection":[{"href":"https:\/\/agendaparaguay.com\/v2\/wp-json\/wp\/v2\/posts"}],"about":[{"href":"https:\/\/agendaparaguay.com\/v2\/wp-json\/wp\/v2\/types\/post"}],"author":[{"embeddable":true,"href":"https:\/\/agendaparaguay.com\/v2\/wp-json\/wp\/v2\/users\/1"}],"replies":[{"embeddable":true,"href":"https:\/\/agendaparaguay.com\/v2\/wp-json\/wp\/v2\/comments?post=30829"}],"version-history":[{"count":1,"href":"https:\/\/agendaparaguay.com\/v2\/wp-json\/wp\/v2\/posts\/30829\/revisions"}],"predecessor-version":[{"id":30830,"href":"https:\/\/agendaparaguay.com\/v2\/wp-json\/wp\/v2\/posts\/30829\/revisions\/30830"}],"wp:featuredmedia":[{"embeddable":true,"href":"https:\/\/agendaparaguay.com\/v2\/wp-json\/wp\/v2\/media\/24181"}],"wp:attachment":[{"href":"https:\/\/agendaparaguay.com\/v2\/wp-json\/wp\/v2\/media?parent=30829"}],"wp:term":[{"taxonomy":"category","embeddable":true,"href":"https:\/\/agendaparaguay.com\/v2\/wp-json\/wp\/v2\/categories?post=30829"},{"taxonomy":"post_tag","embeddable":true,"href":"https:\/\/agendaparaguay.com\/v2\/wp-json\/wp\/v2\/tags?post=30829"}],"curies":[{"name":"wp","href":"https:\/\/api.w.org\/{rel}","templated":true}]}}