{"id":31011,"date":"2021-03-16T12:10:15","date_gmt":"2021-03-16T15:10:15","guid":{"rendered":"http:\/\/agendaparaguay.com\/v2\/?p=31011"},"modified":"2021-03-16T14:13:14","modified_gmt":"2021-03-16T17:13:14","slug":"fue-nombrado-ivan-haas-como-nuevo-viceministro-de-economia","status":"publish","type":"post","link":"https:\/\/agendaparaguay.com\/v2\/2021\/03\/16\/fue-nombrado-ivan-haas-como-nuevo-viceministro-de-economia\/","title":{"rendered":"Fue nombrado Iv\u00e1n Haas como nuevo viceministro de Econom\u00eda"},"content":{"rendered":"<p style=\"text-align: justify;\">A trav\u00e9s del Decreto N\u00b0 4997, la presidencia de la rep\u00fablica design\u00f3 a Iv\u00e1n Haas como nuevo viceministro de la Subsecretar\u00eda de Estado de Econom\u00eda (SSEE) del Ministerio de Hacienda, en reemplazo de Carmen Mar\u00edn, quien actualmente es ministra de la Unidad de Gesti\u00f3n de la Presidencia de la Rep\u00fablica.<!--more--><\/p>\n<p style=\"text-align: justify;\">Haas es funcionario de carrera de la Cartera Fiscal y hasta la fecha se desempe\u00f1aba como director de Pol\u00edtica de Endeudamiento.<\/p>\n<p style=\"text-align: justify;\">Iv\u00e1n Haas es economista egresado de la Universidad Nacional de Asunci\u00f3n (UNA), mag\u00edster en Finanzas por la Pontificia Universidad Cat\u00f3lica de Chile y en Did\u00e1ctica Superior Universitaria de la Escuela de Econom\u00eda de la UNA.<\/p>\n<p style=\"text-align: justify;\">Inici\u00f3 su carrera en el Ministerio de Hacienda como pasante en el a\u00f1o 2007 (Programa de Pasant\u00edas Universitarias del MH). En el a\u00f1o 2008 fue contratado como analista de Deuda P\u00fablica, pasando al plantel permanente en el a\u00f1o 2011.<\/p>\n<p style=\"text-align: justify;\">En febrero de 2016 asumi\u00f3 la Jefatura del Departamento de Instrumentos Financieros de la Direcci\u00f3n de Pol\u00edtica de Endeudamiento de la Subsecretar\u00eda de Econom\u00eda y en marzo de 2018 la conducci\u00f3n de la Direcci\u00f3n de Pol\u00edtica de Endeudamiento. Adem\u00e1s, se desempe\u00f1a como docente de la Universidad Nacional de Asunci\u00f3n.<\/p>\n<p style=\"text-align: justify;\">El nuevo viceministro de Econom\u00eda ha realizado estudios e investigaciones sobre deuda p\u00fablica, programaci\u00f3n financiera, sostenibilidad fiscal y ha representado al pa\u00eds ante los organismos internacionales multilaterales de cr\u00e9dito.<\/p>\n<p style=\"text-align: justify;\">Consolid\u00f3 las operaciones en el mercado interno de los Bonos del Tesoro (calendario previsible, tasas referenciales para el mercado y la implantaci\u00f3n de plazos de mediano y largo plazo) y lider\u00f3 las emisiones de Bonos Soberanos en el mercado internacional. Fuente Ip<\/p>\n","protected":false},"excerpt":{"rendered":"<p>A trav\u00e9s del Decreto N\u00b0 4997, la presidencia de la rep\u00fablica design\u00f3 a Iv\u00e1n Haas como nuevo viceministro de la Subsecretar\u00eda de Estado de Econom\u00eda (SSEE) del Ministerio de Hacienda,&hellip; <\/p>\n","protected":false},"author":1,"featured_media":31012,"comment_status":"open","ping_status":"open","sticky":false,"template":"","format":"standard","meta":{"sfsi_plus_gutenberg_text_before_share":"","sfsi_plus_gutenberg_show_text_before_share":"","sfsi_plus_gutenberg_icon_type":"","sfsi_plus_gutenberg_icon_alignemt":"","sfsi_plus_gutenburg_max_per_row":"","footnotes":"","_jetpack_memberships_contains_paid_content":false,"jetpack_publicize_message":"","jetpack_publicize_feature_enabled":true,"jetpack_social_post_already_shared":true,"jetpack_social_options":{"image_generator_settings":{"template":"highway","enabled":false},"version":2}},"categories":[2],"tags":[],"jetpack_publicize_connections":[],"jetpack_sharing_enabled":true,"jetpack_featured_media_url":"https:\/\/agendaparaguay.com\/v2\/wp-content\/uploads\/2021\/03\/viceministro_ivan_hass.png","_links":{"self":[{"href":"https:\/\/agendaparaguay.com\/v2\/wp-json\/wp\/v2\/posts\/31011"}],"collection":[{"href":"https:\/\/agendaparaguay.com\/v2\/wp-json\/wp\/v2\/posts"}],"about":[{"href":"https:\/\/agendaparaguay.com\/v2\/wp-json\/wp\/v2\/types\/post"}],"author":[{"embeddable":true,"href":"https:\/\/agendaparaguay.com\/v2\/wp-json\/wp\/v2\/users\/1"}],"replies":[{"embeddable":true,"href":"https:\/\/agendaparaguay.com\/v2\/wp-json\/wp\/v2\/comments?post=31011"}],"version-history":[{"count":1,"href":"https:\/\/agendaparaguay.com\/v2\/wp-json\/wp\/v2\/posts\/31011\/revisions"}],"predecessor-version":[{"id":31013,"href":"https:\/\/agendaparaguay.com\/v2\/wp-json\/wp\/v2\/posts\/31011\/revisions\/31013"}],"wp:featuredmedia":[{"embeddable":true,"href":"https:\/\/agendaparaguay.com\/v2\/wp-json\/wp\/v2\/media\/31012"}],"wp:attachment":[{"href":"https:\/\/agendaparaguay.com\/v2\/wp-json\/wp\/v2\/media?parent=31011"}],"wp:term":[{"taxonomy":"category","embeddable":true,"href":"https:\/\/agendaparaguay.com\/v2\/wp-json\/wp\/v2\/categories?post=31011"},{"taxonomy":"post_tag","embeddable":true,"href":"https:\/\/agendaparaguay.com\/v2\/wp-json\/wp\/v2\/tags?post=31011"}],"curies":[{"name":"wp","href":"https:\/\/api.w.org\/{rel}","templated":true}]}}