{"id":31150,"date":"2021-03-20T00:19:40","date_gmt":"2021-03-20T03:19:40","guid":{"rendered":"http:\/\/agendaparaguay.com\/v2\/?p=31150"},"modified":"2021-03-20T00:19:40","modified_gmt":"2021-03-20T03:19:40","slug":"brasil-registro-2-815-nuevas-muertes-por-covid-19-en-24-horas-y-supero-290-000-fallecidos","status":"publish","type":"post","link":"https:\/\/agendaparaguay.com\/v2\/2021\/03\/20\/brasil-registro-2-815-nuevas-muertes-por-covid-19-en-24-horas-y-supero-290-000-fallecidos\/","title":{"rendered":"Brasil registr\u00f3 2.815 nuevas muertes por COVID-19 en 24 horas y super\u00f3 290.000 fallecidos"},"content":{"rendered":"<p style=\"text-align: justify;\">Brasil report\u00f3 este viernes 2.815 nuevas muertes por COVID-19, lo que llev\u00f3 al total de decesos a superar los 290.000. En concreto, el consejo de secretar\u00edas de Salud de los distintos estados indic\u00f3 que la cifra asciende a 290.314. Se trata de la segunda cifra m\u00e1s alta desde el comienzo de la pandemia, solo por detr\u00e1s de las 2.841 registradas el pasado mi\u00e9rcoles.<!--more--><\/p>\n<p style=\"text-align: justify;\">El informe tambi\u00e9n anunci\u00f3 m\u00e1s de 90.000 contagios diarios, por lo que la cantidad total ahora asciende a los 11,87 millones. Tanto los decesos como los casos positivos diarios son los m\u00e1s altos a nivel global, y vuelven a confirmar al pa\u00eds sudamericano como el epicentro actual de la pandemia.<\/p>\n<p style=\"text-align: justify;\">En t\u00e9rminos acumulados se ubica segundo en la l\u00fagubre lista, s\u00f3lo por detr\u00e1s de los Estados Unidos, que al viernes registra 29,7 millones de contagios y m\u00e1s de 540.000 muertes seg\u00fan las estad\u00edsticas reportadas por la universidad Johns Hopkins.<\/p>\n<p style=\"text-align: justify;\">No obstante, las realidades sanitarias de ambos pa\u00edses son contrastantes. Mientras la administraci\u00f3n de Joe Biden celebr\u00f3 haber cumplido su objetivo de aplicar 100 millones de vacunas m\u00e1s de 40 d\u00edas antes de lo previsto y anticip\u00f3 la posibilidad de duplicar esa cifra, el mayor centro de investigaci\u00f3n cient\u00edfica de Am\u00e9rica Latina, la Fundaci\u00f3n Oswaldo Cruz, se\u00f1al\u00f3 esta semana que Brasil vive el \u201cmayor colapso sanitario y hospitalario de su historia\u201d y pidi\u00f3 endurecer \u201ccon car\u00e1cter de urgencia\u201d las medidas para frenar los contagios.<\/p>\n<p style=\"text-align: justify;\">Este escenario ya se ha materializado en la ciudad de San Pablo: al viernes, casi 500 pacientes de COVID-19 est\u00e1n a la espera de que se desocupe una cama. \u201cEs un momento de extrema gravedad\u201d, afirm\u00f3 el alcalde de San Pablo, Bruno Covas, en una rueda de prensa. Tambi\u00e9n confirm\u00f3 el primer fallecimiento en la ciudad de un paciente con coronavirus por falta de una cama libre en la Unidad de Cuidados Intensivos (UCI).<\/p>\n<p style=\"text-align: justify;\">Asimismo, asegur\u00f3 que la Alcald\u00eda trabaja para aumentar la capacidad hospitalaria, pero subray\u00f3 que la situaci\u00f3n es \u201cmuy dif\u00edcil\u201d hasta el punto de que la red privada ha solicitado transferir pacientes a la p\u00fablica.<\/p>\n<p style=\"text-align: justify;\">Con casi 570.000 positivos y cerca de 20.000 muertos por coronavirus, San Pablo es la ciudad m\u00e1s golpeada de Brasil, pa\u00eds que se ha convertido en el epicentro global de la pandemia con un promedio diario de m\u00e1s de 2.000 fallecidos asociados al COVID-19.<\/p>\n<p style=\"text-align: justify;\">Las autoridades de R\u00edo de Janeiro, por su parte, anunciaron el viernes el cierre total de sus playas para evitar las aglomeraciones. El alcalde Eduardo Paes inform\u00f3 que durante el fin de semana estar\u00e1 prohibida \u201cla permanencia de individuos en la playa, tanto para hacer deportes, tomar ba\u00f1o o para actividades econ\u00f3micas\u201d.<\/p>\n<p style=\"text-align: justify;\">Tampoco ser\u00e1 permitido estacionar en la rambla -excepto para los residentes de la zona- y se prohibir\u00e1 el ingreso de buses tur\u00edsticos a la ciudad.<\/p>\n<p style=\"text-align: justify;\">Las autoridades ya hab\u00edan prohibido el 5 de marzo el funcionamiento de bares y comercios despu\u00e9s de las 21:00 horas y la permanencia de personas en la calle entre las 23:00 y las 05:00 horas.<\/p>\n<p style=\"text-align: justify;\">Paes afirm\u00f3 que el lunes anunciar\u00e1 \u201cmedidas m\u00e1s restrictivas\u201d, al cabo de una reuni\u00f3n prevista con el comit\u00e9 cient\u00edfico que lo asesora. Las unidades de cuidados intensivos de la red p\u00fablica de la ciudad registran una tasa de ocupaci\u00f3n del 95%, seg\u00fan las autoridades. FuentE: Infobae.com<\/p>\n","protected":false},"excerpt":{"rendered":"<p>Brasil report\u00f3 este viernes 2.815 nuevas muertes por COVID-19, lo que llev\u00f3 al total de decesos a superar los 290.000. En concreto, el consejo de secretar\u00edas de Salud de los&hellip; <\/p>\n","protected":false},"author":1,"featured_media":25527,"comment_status":"closed","ping_status":"open","sticky":false,"template":"","format":"standard","meta":{"sfsi_plus_gutenberg_text_before_share":"","sfsi_plus_gutenberg_show_text_before_share":"","sfsi_plus_gutenberg_icon_type":"","sfsi_plus_gutenberg_icon_alignemt":"","sfsi_plus_gutenburg_max_per_row":"","footnotes":"","_jetpack_memberships_contains_paid_content":false,"jetpack_publicize_message":"","jetpack_publicize_feature_enabled":true,"jetpack_social_post_already_shared":true,"jetpack_social_options":{"image_generator_settings":{"template":"highway","enabled":false},"version":2}},"categories":[6],"tags":[],"jetpack_publicize_connections":[],"jetpack_sharing_enabled":true,"jetpack_featured_media_url":"https:\/\/agendaparaguay.com\/v2\/wp-content\/uploads\/2020\/09\/coronavirus_muertes.jpg","_links":{"self":[{"href":"https:\/\/agendaparaguay.com\/v2\/wp-json\/wp\/v2\/posts\/31150"}],"collection":[{"href":"https:\/\/agendaparaguay.com\/v2\/wp-json\/wp\/v2\/posts"}],"about":[{"href":"https:\/\/agendaparaguay.com\/v2\/wp-json\/wp\/v2\/types\/post"}],"author":[{"embeddable":true,"href":"https:\/\/agendaparaguay.com\/v2\/wp-json\/wp\/v2\/users\/1"}],"replies":[{"embeddable":true,"href":"https:\/\/agendaparaguay.com\/v2\/wp-json\/wp\/v2\/comments?post=31150"}],"version-history":[{"count":1,"href":"https:\/\/agendaparaguay.com\/v2\/wp-json\/wp\/v2\/posts\/31150\/revisions"}],"predecessor-version":[{"id":31151,"href":"https:\/\/agendaparaguay.com\/v2\/wp-json\/wp\/v2\/posts\/31150\/revisions\/31151"}],"wp:featuredmedia":[{"embeddable":true,"href":"https:\/\/agendaparaguay.com\/v2\/wp-json\/wp\/v2\/media\/25527"}],"wp:attachment":[{"href":"https:\/\/agendaparaguay.com\/v2\/wp-json\/wp\/v2\/media?parent=31150"}],"wp:term":[{"taxonomy":"category","embeddable":true,"href":"https:\/\/agendaparaguay.com\/v2\/wp-json\/wp\/v2\/categories?post=31150"},{"taxonomy":"post_tag","embeddable":true,"href":"https:\/\/agendaparaguay.com\/v2\/wp-json\/wp\/v2\/tags?post=31150"}],"curies":[{"name":"wp","href":"https:\/\/api.w.org\/{rel}","templated":true}]}}