{"id":31247,"date":"2021-03-23T15:18:30","date_gmt":"2021-03-23T18:18:30","guid":{"rendered":"http:\/\/agendaparaguay.com\/v2\/?p=31247"},"modified":"2021-03-23T17:13:58","modified_gmt":"2021-03-23T20:13:58","slug":"renuncia-federico-gonzalez-y-nombran-a-manuel-maria-caceres-como-director-de-itaipu","status":"publish","type":"post","link":"https:\/\/agendaparaguay.com\/v2\/2021\/03\/23\/renuncia-federico-gonzalez-y-nombran-a-manuel-maria-caceres-como-director-de-itaipu\/","title":{"rendered":"Renuncia Federico Gonz\u00e1lez y nombran a Manuel Mar\u00eda C\u00e1ceres como director de Itaipu"},"content":{"rendered":"<p style=\"text-align: justify;\">La informaci\u00f3n fue confirmada por el ministro Hernan Hutteman, quien inform\u00f3 que el Dr. Federico Gonz\u00e1lez present\u00f3 renuncia al cargo.<!--more--><\/p>\n<p style=\"text-align: justify;\">En su reemplazo fue designado el actual embajador paraguayo en Estados Unidos, Manuel Mar\u00eda C\u00e1ceres.<\/p>\n<p style=\"text-align: justify;\">La renuncia de Gonz\u00e1lez se da en medio del rechazo generalizado a su designaci\u00f3n por parte de las diferentes bancadas, en el Senado.<\/p>\n<p style=\"text-align: justify;\">Hutteman inform\u00f3 adem\u00e1s que el Dr. Federico Gonz\u00e1lez pasa a ocupar el cargo de asesor en Asuntos Internacionales del presidente Macro Abdo Ben\u00edtez.<\/p>\n","protected":false},"excerpt":{"rendered":"<p>La informaci\u00f3n fue confirmada por el ministro Hernan Hutteman, quien inform\u00f3 que el Dr. Federico Gonz\u00e1lez present\u00f3 renuncia al cargo.<\/p>\n","protected":false},"author":1,"featured_media":19369,"comment_status":"closed","ping_status":"open","sticky":false,"template":"","format":"standard","meta":{"sfsi_plus_gutenberg_text_before_share":"","sfsi_plus_gutenberg_show_text_before_share":"","sfsi_plus_gutenberg_icon_type":"","sfsi_plus_gutenberg_icon_alignemt":"","sfsi_plus_gutenburg_max_per_row":"","footnotes":"","_jetpack_memberships_contains_paid_content":false,"jetpack_publicize_message":"","jetpack_publicize_feature_enabled":true,"jetpack_social_post_already_shared":true,"jetpack_social_options":{"image_generator_settings":{"template":"highway","enabled":false},"version":2}},"categories":[2],"tags":[],"jetpack_publicize_connections":[],"jetpack_sharing_enabled":true,"jetpack_featured_media_url":"https:\/\/agendaparaguay.com\/v2\/wp-content\/uploads\/2020\/03\/federico_gonzalez.jpeg","_links":{"self":[{"href":"https:\/\/agendaparaguay.com\/v2\/wp-json\/wp\/v2\/posts\/31247"}],"collection":[{"href":"https:\/\/agendaparaguay.com\/v2\/wp-json\/wp\/v2\/posts"}],"about":[{"href":"https:\/\/agendaparaguay.com\/v2\/wp-json\/wp\/v2\/types\/post"}],"author":[{"embeddable":true,"href":"https:\/\/agendaparaguay.com\/v2\/wp-json\/wp\/v2\/users\/1"}],"replies":[{"embeddable":true,"href":"https:\/\/agendaparaguay.com\/v2\/wp-json\/wp\/v2\/comments?post=31247"}],"version-history":[{"count":1,"href":"https:\/\/agendaparaguay.com\/v2\/wp-json\/wp\/v2\/posts\/31247\/revisions"}],"predecessor-version":[{"id":31248,"href":"https:\/\/agendaparaguay.com\/v2\/wp-json\/wp\/v2\/posts\/31247\/revisions\/31248"}],"wp:featuredmedia":[{"embeddable":true,"href":"https:\/\/agendaparaguay.com\/v2\/wp-json\/wp\/v2\/media\/19369"}],"wp:attachment":[{"href":"https:\/\/agendaparaguay.com\/v2\/wp-json\/wp\/v2\/media?parent=31247"}],"wp:term":[{"taxonomy":"category","embeddable":true,"href":"https:\/\/agendaparaguay.com\/v2\/wp-json\/wp\/v2\/categories?post=31247"},{"taxonomy":"post_tag","embeddable":true,"href":"https:\/\/agendaparaguay.com\/v2\/wp-json\/wp\/v2\/tags?post=31247"}],"curies":[{"name":"wp","href":"https:\/\/api.w.org\/{rel}","templated":true}]}}