{"id":32335,"date":"2021-04-27T15:00:16","date_gmt":"2021-04-27T19:00:16","guid":{"rendered":"http:\/\/agendaparaguay.com\/v2\/?p=32335"},"modified":"2021-04-27T16:42:15","modified_gmt":"2021-04-27T20:42:15","slug":"se-proponen-vacunar-a-12-000-personas-por-dia-en-los-80-vacunatorios-del-pais","status":"publish","type":"post","link":"https:\/\/agendaparaguay.com\/v2\/2021\/04\/27\/se-proponen-vacunar-a-12-000-personas-por-dia-en-los-80-vacunatorios-del-pais\/","title":{"rendered":"Se proponen vacunar a 12.000 personas por d\u00eda en los 80 vacunatorios del pa\u00eds"},"content":{"rendered":"<p style=\"text-align: justify;\">El anuncio lo hizo el ministro de Salud P\u00fablica, doctor Julio Borba, quien manifest\u00f3 que por d\u00eda, unas 12.000 personas mayores de 75 a\u00f1os podr\u00e1n recibir la primera dosis de la vacuna anti Covid-19, en los 80 vacunatorios distribuidos en todo el pa\u00eds.<!--more--><\/p>\n<p style=\"text-align: justify;\">Inst\u00f3 a familiares a registrar a sus adultos mayores en la plataforma web www.vacunate.gov.py, de modo a que puedan recibir el mensaje de texto del lugar, hora y d\u00eda de vacunaci\u00f3n.<\/p>\n<p style=\"text-align: justify;\">Manifest\u00f3 que una vez que se reciban m\u00e1s dosis, y se realice una inmunizaci\u00f3n masiva, establecer\u00e1n lugares abiertos como vacunatorios, que podr\u00edan ser estadios, el parque \u00d1u Guaz\u00fa, y la Fuerza A\u00e9rea, entre otros espacios p\u00fablicos.<\/p>\n<p style=\"text-align: justify;\">El titular de la cartera sanitaria tras recorrer el Hospital Materno Infantil San Pablo, donde se reinici\u00f3 el plan de vacunaci\u00f3n, con la llegada al pa\u00eds de 234.000 dosis de vacunas contra la Covid-19; visit\u00f3 el Paseo Parque Villa Elisa, que fue habilitado en conjunto por la municipalidad local, el Hospital Distrital, el Ministerio de Salud y el Ministerio de la Mujer para realizar la inmunizaci\u00f3n.<\/p>\n<p style=\"text-align: justify;\">Por su parte, la viceministra de Rector\u00eda y Vigilancia de la Salud, doctora Lida Sosa, explic\u00f3 que las autoridades sanitarias est\u00e1n recorriendo los diferentes vacunatorios, de tal forma, a verificar el desarrollo de la jornada.<br \/>\nEl Paseo Parque Villa Elisa es uno de los vacunatorios habilitados en el departamento Central. Foto Gentileza.<\/p>\n<p style=\"text-align: justify;\">\u201cHemos estado recorriendo algunos vacunatorios, primero en el hospital San Pablo, luego en el paseo parque de Villa Elisa, que fue montado un vacunatorio para autovacuna y de manera peatonal, que es un trabajo conjunto entre las instituciones, y vemos que las personas llegan de manera ordenada\u201d, refiri\u00f3.<\/p>\n<p style=\"text-align: justify;\">Anticip\u00f3 que m\u00e1s vacunas estar\u00edan llegando en el mes de mayo, que se est\u00e1 a la espera y una vez que se tenga la confirmaci\u00f3n y la fecha de env\u00edo, la cartera sanitaria estar\u00e1 avisando.<\/p>\n<p style=\"text-align: justify;\">Por otra parte, se mostr\u00f3 preocupada por la poca cantidad de personas que hasta el momento se han registrado en la plataforma web del ministerio, por lo que hace suponer que familiares de adultos mayores les hacen temer con las vacunas.<\/p>\n<p style=\"text-align: justify;\">Enfatiz\u00f3 que la postura negacionista de la poblaci\u00f3n es por desconocimiento y causa de las falsas noticias que circulan en las redes sociales.<\/p>\n<p style=\"text-align: justify;\">Al respecto, no descart\u00f3 que el Ministerio de Salud inicie muy pronto una fuerte campa\u00f1a comunicacional en las redes sociales, informando sobre los beneficios de la vacunaci\u00f3n. Fuente: Ip<\/p>\n","protected":false},"excerpt":{"rendered":"<p>El anuncio lo hizo el ministro de Salud P\u00fablica, doctor Julio Borba, quien manifest\u00f3 que por d\u00eda, unas 12.000 personas mayores de 75 a\u00f1os podr\u00e1n recibir la primera dosis de&hellip; <\/p>\n","protected":false},"author":1,"featured_media":31290,"comment_status":"closed","ping_status":"open","sticky":false,"template":"","format":"standard","meta":{"sfsi_plus_gutenberg_text_before_share":"","sfsi_plus_gutenberg_show_text_before_share":"","sfsi_plus_gutenberg_icon_type":"","sfsi_plus_gutenberg_icon_alignemt":"","sfsi_plus_gutenburg_max_per_row":"","footnotes":"","_jetpack_memberships_contains_paid_content":false,"jetpack_publicize_message":"","jetpack_publicize_feature_enabled":true,"jetpack_social_post_already_shared":true,"jetpack_social_options":{"image_generator_settings":{"template":"highway","enabled":false},"version":2}},"categories":[5],"tags":[],"jetpack_publicize_connections":[],"jetpack_sharing_enabled":true,"jetpack_featured_media_url":"https:\/\/agendaparaguay.com\/v2\/wp-content\/uploads\/2021\/03\/julio_borba_conferencia.jpg","_links":{"self":[{"href":"https:\/\/agendaparaguay.com\/v2\/wp-json\/wp\/v2\/posts\/32335"}],"collection":[{"href":"https:\/\/agendaparaguay.com\/v2\/wp-json\/wp\/v2\/posts"}],"about":[{"href":"https:\/\/agendaparaguay.com\/v2\/wp-json\/wp\/v2\/types\/post"}],"author":[{"embeddable":true,"href":"https:\/\/agendaparaguay.com\/v2\/wp-json\/wp\/v2\/users\/1"}],"replies":[{"embeddable":true,"href":"https:\/\/agendaparaguay.com\/v2\/wp-json\/wp\/v2\/comments?post=32335"}],"version-history":[{"count":1,"href":"https:\/\/agendaparaguay.com\/v2\/wp-json\/wp\/v2\/posts\/32335\/revisions"}],"predecessor-version":[{"id":32336,"href":"https:\/\/agendaparaguay.com\/v2\/wp-json\/wp\/v2\/posts\/32335\/revisions\/32336"}],"wp:featuredmedia":[{"embeddable":true,"href":"https:\/\/agendaparaguay.com\/v2\/wp-json\/wp\/v2\/media\/31290"}],"wp:attachment":[{"href":"https:\/\/agendaparaguay.com\/v2\/wp-json\/wp\/v2\/media?parent=32335"}],"wp:term":[{"taxonomy":"category","embeddable":true,"href":"https:\/\/agendaparaguay.com\/v2\/wp-json\/wp\/v2\/categories?post=32335"},{"taxonomy":"post_tag","embeddable":true,"href":"https:\/\/agendaparaguay.com\/v2\/wp-json\/wp\/v2\/tags?post=32335"}],"curies":[{"name":"wp","href":"https:\/\/api.w.org\/{rel}","templated":true}]}}