{"id":32351,"date":"2021-04-27T20:08:46","date_gmt":"2021-04-28T00:08:46","guid":{"rendered":"http:\/\/agendaparaguay.com\/v2\/?p=32351"},"modified":"2021-04-27T20:08:46","modified_gmt":"2021-04-28T00:08:46","slug":"condenan-a-docente-por-abuso-sexual-contra-una-alumna","status":"publish","type":"post","link":"https:\/\/agendaparaguay.com\/v2\/2021\/04\/27\/condenan-a-docente-por-abuso-sexual-contra-una-alumna\/","title":{"rendered":"Condenan a docente por abuso sexual contra una alumna"},"content":{"rendered":"<p style=\"text-align: justify;\">El fiscal Aldo Cantero obtuvo hoy la condena de 3 a\u00f1os de c\u00e1rcel para un profesor de M\u00fasica de una escuela que abusaba sexualmente de su alumna, en ese entonces de 11 a\u00f1os.<!--more--><\/p>\n<p style=\"text-align: justify;\">La madre de la v\u00edctima tambi\u00e9n fue condenada puesto que la misma manten\u00eda relaciones con el profesor y por este motivo, no le crey\u00f3 a su hija cuando la ni\u00f1a cont\u00f3 lo que hab\u00eda pasado, no la llev\u00f3 al m\u00e9dico a fin de constatar, ni denunci\u00f3 el hecho.<\/p>\n<p style=\"text-align: justify;\">La ni\u00f1a hab\u00eda relatado a sus hermanos y a una profesora lo ocurrido. El hombre sigui\u00f3 acerc\u00e1ndose a la menor en reiteradas ocasiones. La mam\u00e1 intent\u00f3 evitar la denuncia y traslad\u00f3 a la v\u00edctima a otra escuela, pero posteriormente, ante la insistencia y la presi\u00f3n de los hermanos, la denuncia fue formulada por la madre e intervino el Ministerio P\u00fablico.<\/p>\n<p style=\"text-align: justify;\">La joven hoy tiene 16 a\u00f1os y trat\u00f3 de defender a su madre durante el Juicio Oral. Sin embargo, la mujer incurri\u00f3 en el delito de Violaci\u00f3n del Deber de Cuidado.<\/p>\n<p style=\"text-align: justify;\">El Juicio fue realizado luego de 6 a\u00f1os por los diferentes incidentes planteados por la defensa. El hombre ya contaba con antecedentes por Acoso Sexual con otras alumnas, sin embargo no fue desvinculado, sigui\u00f3 ejerciendo la docencia, fue trasladado a otra escuela, hasta que ocurri\u00f3 este hecho. El hombre cuenta con otra condena anterior por Acoso Sexual.<\/p>\n","protected":false},"excerpt":{"rendered":"<p>El fiscal Aldo Cantero obtuvo hoy la condena de 3 a\u00f1os de c\u00e1rcel para un profesor de M\u00fasica de una escuela que abusaba sexualmente de su alumna, en ese entonces&hellip; <\/p>\n","protected":false},"author":1,"featured_media":4101,"comment_status":"closed","ping_status":"open","sticky":false,"template":"","format":"standard","meta":{"sfsi_plus_gutenberg_text_before_share":"","sfsi_plus_gutenberg_show_text_before_share":"","sfsi_plus_gutenberg_icon_type":"","sfsi_plus_gutenberg_icon_alignemt":"","sfsi_plus_gutenburg_max_per_row":"","footnotes":"","_jetpack_memberships_contains_paid_content":false,"jetpack_publicize_message":"","jetpack_publicize_feature_enabled":true,"jetpack_social_post_already_shared":true,"jetpack_social_options":{"image_generator_settings":{"template":"highway","enabled":false},"version":2}},"categories":[5],"tags":[],"jetpack_publicize_connections":[],"jetpack_sharing_enabled":true,"jetpack_featured_media_url":"https:\/\/agendaparaguay.com\/v2\/wp-content\/uploads\/2019\/02\/poder_judicial_csj.jpg","_links":{"self":[{"href":"https:\/\/agendaparaguay.com\/v2\/wp-json\/wp\/v2\/posts\/32351"}],"collection":[{"href":"https:\/\/agendaparaguay.com\/v2\/wp-json\/wp\/v2\/posts"}],"about":[{"href":"https:\/\/agendaparaguay.com\/v2\/wp-json\/wp\/v2\/types\/post"}],"author":[{"embeddable":true,"href":"https:\/\/agendaparaguay.com\/v2\/wp-json\/wp\/v2\/users\/1"}],"replies":[{"embeddable":true,"href":"https:\/\/agendaparaguay.com\/v2\/wp-json\/wp\/v2\/comments?post=32351"}],"version-history":[{"count":1,"href":"https:\/\/agendaparaguay.com\/v2\/wp-json\/wp\/v2\/posts\/32351\/revisions"}],"predecessor-version":[{"id":32352,"href":"https:\/\/agendaparaguay.com\/v2\/wp-json\/wp\/v2\/posts\/32351\/revisions\/32352"}],"wp:featuredmedia":[{"embeddable":true,"href":"https:\/\/agendaparaguay.com\/v2\/wp-json\/wp\/v2\/media\/4101"}],"wp:attachment":[{"href":"https:\/\/agendaparaguay.com\/v2\/wp-json\/wp\/v2\/media?parent=32351"}],"wp:term":[{"taxonomy":"category","embeddable":true,"href":"https:\/\/agendaparaguay.com\/v2\/wp-json\/wp\/v2\/categories?post=32351"},{"taxonomy":"post_tag","embeddable":true,"href":"https:\/\/agendaparaguay.com\/v2\/wp-json\/wp\/v2\/tags?post=32351"}],"curies":[{"name":"wp","href":"https:\/\/api.w.org\/{rel}","templated":true}]}}