{"id":32355,"date":"2021-04-27T21:13:53","date_gmt":"2021-04-28T01:13:53","guid":{"rendered":"http:\/\/agendaparaguay.com\/v2\/?p=32355"},"modified":"2021-04-27T21:16:24","modified_gmt":"2021-04-28T01:16:24","slug":"fiscales-se-constituyeron-en-hospitales-tras-denuncias-sobre-vacunacion-irregular","status":"publish","type":"post","link":"https:\/\/agendaparaguay.com\/v2\/2021\/04\/27\/fiscales-se-constituyeron-en-hospitales-tras-denuncias-sobre-vacunacion-irregular\/","title":{"rendered":"Fiscales se constituyeron en Hospitales tras denuncias sobre vacunaci\u00f3n irregular"},"content":{"rendered":"<p style=\"text-align: justify;\">Por resoluci\u00f3n de la Fiscal\u00eda General del Estado de fecha 16 de abril del 2021 se conform\u00f3 un equipo de trabajo a los fines de investigar denuncias que pudieran involucrar irregularidades en el marco de la vacunaci\u00f3n contra Covid 19.<!--more--><\/p>\n<p style=\"text-align: justify;\">En ese sentido, se realizaron varias diligencias en el marco de la investigaci\u00f3n. En el d\u00eda de la fecha se llevaron a cabo constituciones de equipos fiscales en los puestos de vacunaci\u00f3n del Hospital San Pablo y puesto de IPS Central.<\/p>\n<p style=\"text-align: justify;\">Igualmente, tambi\u00e9n se constituyeron en la Sede del PAI y la Direcci\u00f3n de Gesti\u00f3n de Tecnolog\u00edas del MSP de donde se recabaron datos en relaci\u00f3n a la investigaci\u00f3n abierta de oficio que se encuentra en curso.<\/p>\n<p style=\"text-align: justify;\">El equipo de trabajo est\u00e1 conformado por los agentes fiscales Luis Pi\u00f1anez, Sara Torres, Mar\u00eda Lujan Estigarribia y Luz Guerrero. La coordinaci\u00f3n del equipo est\u00e1 a cargo del Fiscal Adjunto, Jorge Sosa.<\/p>\n","protected":false},"excerpt":{"rendered":"<p>Por resoluci\u00f3n de la Fiscal\u00eda General del Estado de fecha 16 de abril del 2021 se conform\u00f3 un equipo de trabajo a los fines de investigar denuncias que pudieran involucrar&hellip; <\/p>\n","protected":false},"author":1,"featured_media":32356,"comment_status":"closed","ping_status":"open","sticky":false,"template":"","format":"standard","meta":{"sfsi_plus_gutenberg_text_before_share":"","sfsi_plus_gutenberg_show_text_before_share":"","sfsi_plus_gutenberg_icon_type":"","sfsi_plus_gutenberg_icon_alignemt":"","sfsi_plus_gutenburg_max_per_row":"","footnotes":"","_jetpack_memberships_contains_paid_content":false,"jetpack_publicize_message":"","jetpack_publicize_feature_enabled":true,"jetpack_social_post_already_shared":true,"jetpack_social_options":{"image_generator_settings":{"template":"highway","enabled":false},"version":2}},"categories":[5],"tags":[],"jetpack_publicize_connections":[],"jetpack_sharing_enabled":true,"jetpack_featured_media_url":"https:\/\/agendaparaguay.com\/v2\/wp-content\/uploads\/2021\/04\/fiscales_caso_vacunacion.jpg","_links":{"self":[{"href":"https:\/\/agendaparaguay.com\/v2\/wp-json\/wp\/v2\/posts\/32355"}],"collection":[{"href":"https:\/\/agendaparaguay.com\/v2\/wp-json\/wp\/v2\/posts"}],"about":[{"href":"https:\/\/agendaparaguay.com\/v2\/wp-json\/wp\/v2\/types\/post"}],"author":[{"embeddable":true,"href":"https:\/\/agendaparaguay.com\/v2\/wp-json\/wp\/v2\/users\/1"}],"replies":[{"embeddable":true,"href":"https:\/\/agendaparaguay.com\/v2\/wp-json\/wp\/v2\/comments?post=32355"}],"version-history":[{"count":3,"href":"https:\/\/agendaparaguay.com\/v2\/wp-json\/wp\/v2\/posts\/32355\/revisions"}],"predecessor-version":[{"id":32359,"href":"https:\/\/agendaparaguay.com\/v2\/wp-json\/wp\/v2\/posts\/32355\/revisions\/32359"}],"wp:featuredmedia":[{"embeddable":true,"href":"https:\/\/agendaparaguay.com\/v2\/wp-json\/wp\/v2\/media\/32356"}],"wp:attachment":[{"href":"https:\/\/agendaparaguay.com\/v2\/wp-json\/wp\/v2\/media?parent=32355"}],"wp:term":[{"taxonomy":"category","embeddable":true,"href":"https:\/\/agendaparaguay.com\/v2\/wp-json\/wp\/v2\/categories?post=32355"},{"taxonomy":"post_tag","embeddable":true,"href":"https:\/\/agendaparaguay.com\/v2\/wp-json\/wp\/v2\/tags?post=32355"}],"curies":[{"name":"wp","href":"https:\/\/api.w.org\/{rel}","templated":true}]}}