{"id":33705,"date":"2021-06-17T17:15:06","date_gmt":"2021-06-17T21:15:06","guid":{"rendered":"http:\/\/agendaparaguay.com\/v2\/?p=33705"},"modified":"2021-06-17T20:41:11","modified_gmt":"2021-06-18T00:41:11","slug":"ordenan-que-vehiculos-del-estado-permanezcan-encerrados-durante-jornada-electoral","status":"publish","type":"post","link":"https:\/\/agendaparaguay.com\/v2\/2021\/06\/17\/ordenan-que-vehiculos-del-estado-permanezcan-encerrados-durante-jornada-electoral\/","title":{"rendered":"Ordenan que veh\u00edculos del estado permanezcan encerrados durante jornada electoral"},"content":{"rendered":"<p style=\"text-align: justify;\">Por disposici\u00f3n del presidente Mario Abdo Ben\u00edtez, se orden\u00f3 a todas las instituciones del estado a que los veh\u00edculos permanezcan encerrados en el parque automotor, seg\u00fan se\u00f1ala una Resoluci\u00f3n del Gabinete Civil de la Presidencia de la Rep\u00fablica, que lleva la firma del ministro Hernan Huttemann.<!--more--><\/p>\n<p style=\"text-align: justify;\">A trav\u00e9s de la Resoluci\u00f3n, se ordena que dichos veh\u00edculos queden encerrados desde este viernes 18, a las 15:00 horas, hasta las 07:00 horas del lunes 21 de junio.<\/p>\n<p style=\"text-align: justify;\">Se recuerda adem\u00e1s a todos los funcionarios de la administraci\u00f3n p\u00fablica su obligaci\u00f3n de velar por todos los bienes estatales y cumplir estrictamente la normativa que regula la utilizaci\u00f3n de estos y se advierte sobre las consecuencias jur\u00eddicas contempladas en la ley, a cualquier irregularidad relacionada con el uso indebido de los mismos.<\/p>\n<p style=\"text-align: justify;\">Finalmente, la Resoluci\u00f3n destaca que \u00absalvo aquellos cuyo uso sea indispensable para casos de urgencia\u00bb, los veh\u00edculos deben permanecer encerrados.<\/p>\n","protected":false},"excerpt":{"rendered":"<p>Por disposici\u00f3n del presidente Mario Abdo Ben\u00edtez, se orden\u00f3 a todas las instituciones del estado a que los veh\u00edculos permanezcan encerrados en el parque automotor, seg\u00fan se\u00f1ala una Resoluci\u00f3n del&hellip; <\/p>\n","protected":false},"author":1,"featured_media":6665,"comment_status":"closed","ping_status":"open","sticky":false,"template":"","format":"standard","meta":{"sfsi_plus_gutenberg_text_before_share":"","sfsi_plus_gutenberg_show_text_before_share":"","sfsi_plus_gutenberg_icon_type":"","sfsi_plus_gutenberg_icon_alignemt":"","sfsi_plus_gutenburg_max_per_row":"","footnotes":"","_jetpack_memberships_contains_paid_content":false,"jetpack_publicize_message":"","jetpack_publicize_feature_enabled":true,"jetpack_social_post_already_shared":true,"jetpack_social_options":{"image_generator_settings":{"template":"highway","enabled":false},"version":2}},"categories":[2],"tags":[],"jetpack_publicize_connections":[],"jetpack_sharing_enabled":true,"jetpack_featured_media_url":"https:\/\/agendaparaguay.com\/v2\/wp-content\/uploads\/2019\/04\/vehiculo_estado.jpg","_links":{"self":[{"href":"https:\/\/agendaparaguay.com\/v2\/wp-json\/wp\/v2\/posts\/33705"}],"collection":[{"href":"https:\/\/agendaparaguay.com\/v2\/wp-json\/wp\/v2\/posts"}],"about":[{"href":"https:\/\/agendaparaguay.com\/v2\/wp-json\/wp\/v2\/types\/post"}],"author":[{"embeddable":true,"href":"https:\/\/agendaparaguay.com\/v2\/wp-json\/wp\/v2\/users\/1"}],"replies":[{"embeddable":true,"href":"https:\/\/agendaparaguay.com\/v2\/wp-json\/wp\/v2\/comments?post=33705"}],"version-history":[{"count":1,"href":"https:\/\/agendaparaguay.com\/v2\/wp-json\/wp\/v2\/posts\/33705\/revisions"}],"predecessor-version":[{"id":33706,"href":"https:\/\/agendaparaguay.com\/v2\/wp-json\/wp\/v2\/posts\/33705\/revisions\/33706"}],"wp:featuredmedia":[{"embeddable":true,"href":"https:\/\/agendaparaguay.com\/v2\/wp-json\/wp\/v2\/media\/6665"}],"wp:attachment":[{"href":"https:\/\/agendaparaguay.com\/v2\/wp-json\/wp\/v2\/media?parent=33705"}],"wp:term":[{"taxonomy":"category","embeddable":true,"href":"https:\/\/agendaparaguay.com\/v2\/wp-json\/wp\/v2\/categories?post=33705"},{"taxonomy":"post_tag","embeddable":true,"href":"https:\/\/agendaparaguay.com\/v2\/wp-json\/wp\/v2\/tags?post=33705"}],"curies":[{"name":"wp","href":"https:\/\/api.w.org\/{rel}","templated":true}]}}