{"id":35286,"date":"2021-08-09T16:20:11","date_gmt":"2021-08-09T20:20:11","guid":{"rendered":"http:\/\/agendaparaguay.com\/v2\/?p=35286"},"modified":"2021-08-09T17:58:55","modified_gmt":"2021-08-09T21:58:55","slug":"diputados-tratara-en-sesion-extra-proyecto-de-consolidacion-economica-y-de-contencion-social","status":"publish","type":"post","link":"https:\/\/agendaparaguay.com\/v2\/2021\/08\/09\/diputados-tratara-en-sesion-extra-proyecto-de-consolidacion-economica-y-de-contencion-social\/","title":{"rendered":"Diputados tratar\u00e1 en sesi\u00f3n extra proyecto de consolidaci\u00f3n econ\u00f3mica y de contenci\u00f3n social"},"content":{"rendered":"<p style=\"text-align: justify;\">Ante un pedido de varios legisladores de la Bancada de Honor Colorado, la C\u00e1mara de Diputados, bajo la presidencia del legislador, Pedro Alliana, fue convocada a sesionar, de manera extraordinaria, este martes 10, a partir de las 11:00 horas.<!--more--><\/p>\n<p style=\"text-align: justify;\">La nota de referencia, presentada por los peticionantes, fue solicitada de conformidad a lo que establece el Art. 37 del Reglamento Interno de la C\u00e1mara de Diputados.<\/p>\n<p style=\"text-align: justify;\">El orden del d\u00eda consta de un solo punto: Proyecto de ley \u201cQue establece medidas transitorias de consolidaci\u00f3n econ\u00f3mica y de contenci\u00f3n social, para mitigar el Impacto de la Pandemia de la COVID \u2013 19 o coronavirus\u201d, que cuenta con media sanci\u00f3n de la C\u00e1mara de Senadores.<\/p>\n<p style=\"text-align: justify;\">Es importante mencionar que la Bancada de Honor Colorado, ya anunci\u00f3 su decisi\u00f3n de acompa\u00f1ar el reclamo de los docentes, que se movilizar\u00e1n entre ma\u00f1ana y el mi\u00e9rcoles, en distintos puntos del pa\u00eds, en reclamo de que se except\u00fae el art\u00edculo 4 del referido proyecto de ley.<\/p>\n<p style=\"text-align: justify;\">Los maestros, en esencia, proponen que quede vigente la Ley 6672\/2021, que dispone la continuidad de la implementaci\u00f3n gradual del salario b\u00e1sico profesional y que prev\u00e9 el ajuste salarial del 16% a partir de octubre de este a\u00f1o.<\/p>\n<p style=\"text-align: justify;\">El art\u00edculo mencionado proh\u00edbe el aumento salarial a todos los funcionarios p\u00fablicos del Estado, por lo que los parlamentarios de Honor Colorado propondr\u00e1n la exceptuaci\u00f3n de los docentes.<\/p>\n","protected":false},"excerpt":{"rendered":"<p>Ante un pedido de varios legisladores de la Bancada de Honor Colorado, la C\u00e1mara de Diputados, bajo la presidencia del legislador, Pedro Alliana, fue convocada a sesionar, de manera extraordinaria,&hellip; <\/p>\n","protected":false},"author":1,"featured_media":7610,"comment_status":"closed","ping_status":"open","sticky":false,"template":"","format":"standard","meta":{"sfsi_plus_gutenberg_text_before_share":"","sfsi_plus_gutenberg_show_text_before_share":"","sfsi_plus_gutenberg_icon_type":"","sfsi_plus_gutenberg_icon_alignemt":"","sfsi_plus_gutenburg_max_per_row":"","footnotes":"","_jetpack_memberships_contains_paid_content":false,"jetpack_publicize_message":"","jetpack_publicize_feature_enabled":true,"jetpack_social_post_already_shared":true,"jetpack_social_options":{"image_generator_settings":{"template":"highway","enabled":false},"version":2}},"categories":[4],"tags":[],"jetpack_publicize_connections":[],"jetpack_sharing_enabled":true,"jetpack_featured_media_url":"https:\/\/agendaparaguay.com\/v2\/wp-content\/uploads\/2019\/04\/pleno_diputados_2019-1.jpeg","_links":{"self":[{"href":"https:\/\/agendaparaguay.com\/v2\/wp-json\/wp\/v2\/posts\/35286"}],"collection":[{"href":"https:\/\/agendaparaguay.com\/v2\/wp-json\/wp\/v2\/posts"}],"about":[{"href":"https:\/\/agendaparaguay.com\/v2\/wp-json\/wp\/v2\/types\/post"}],"author":[{"embeddable":true,"href":"https:\/\/agendaparaguay.com\/v2\/wp-json\/wp\/v2\/users\/1"}],"replies":[{"embeddable":true,"href":"https:\/\/agendaparaguay.com\/v2\/wp-json\/wp\/v2\/comments?post=35286"}],"version-history":[{"count":1,"href":"https:\/\/agendaparaguay.com\/v2\/wp-json\/wp\/v2\/posts\/35286\/revisions"}],"predecessor-version":[{"id":35287,"href":"https:\/\/agendaparaguay.com\/v2\/wp-json\/wp\/v2\/posts\/35286\/revisions\/35287"}],"wp:featuredmedia":[{"embeddable":true,"href":"https:\/\/agendaparaguay.com\/v2\/wp-json\/wp\/v2\/media\/7610"}],"wp:attachment":[{"href":"https:\/\/agendaparaguay.com\/v2\/wp-json\/wp\/v2\/media?parent=35286"}],"wp:term":[{"taxonomy":"category","embeddable":true,"href":"https:\/\/agendaparaguay.com\/v2\/wp-json\/wp\/v2\/categories?post=35286"},{"taxonomy":"post_tag","embeddable":true,"href":"https:\/\/agendaparaguay.com\/v2\/wp-json\/wp\/v2\/tags?post=35286"}],"curies":[{"name":"wp","href":"https:\/\/api.w.org\/{rel}","templated":true}]}}