{"id":35305,"date":"2021-08-10T08:50:59","date_gmt":"2021-08-10T12:50:59","guid":{"rendered":"http:\/\/agendaparaguay.com\/v2\/?p=35305"},"modified":"2021-08-10T12:07:10","modified_gmt":"2021-08-10T16:07:10","slug":"titular-de-diputados-y-la-bancada-c-del-plra-anuncian-votos-a-favor-de-aumento-salarial-para-docentes","status":"publish","type":"post","link":"https:\/\/agendaparaguay.com\/v2\/2021\/08\/10\/titular-de-diputados-y-la-bancada-c-del-plra-anuncian-votos-a-favor-de-aumento-salarial-para-docentes\/","title":{"rendered":"Titular de Diputados y la Bancada C del PLRA anuncian votos a favor de aumento salarial para docentes"},"content":{"rendered":"<p style=\"text-align: justify;\">Mediante un comunicado publicado en sus redes sociales, el presidente de la C\u00e1mara de Diputados, Pedro Alliana, anunci\u00f3 que votar\u00e1 a favor de mantener el aumento salarial a docentes, previsto en la Ley de Presupuesto General de la Naci\u00f3n 2021, tema que ser\u00e1 tratado durante la sesi\u00f3n extraordinaria convocada para este martes a partir de las 11 horas.<!--more--><\/p>\n<p style=\"text-align: justify;\">Puntualmente, el proyecto que ser\u00e1 analizado por la plenaria es el \u201cQue establece medidas transitorias de consolidaci\u00f3n econ\u00f3mica y de contenido social para mitigar la pandemia del Covid-19\u201d, que cuenta con media sanci\u00f3n de la C\u00e1mara de Senadores.<\/p>\n<p style=\"text-align: justify;\">Este documento modifica la Ley 6672\/21 de Presupuesto, afectando el incremento salarial del 16% para maestros, cuya aplicaci\u00f3n est\u00e1 prevista para el mes de octubre, tema que ya hab\u00eda sido pactado con el sector educativo.<\/p>\n<p style=\"text-align: justify;\">\u201cBrindar una mejor oportunidad de vida a nuestros docentes es fundamental; sin educaci\u00f3n no hay futuro posible para nuestras pr\u00f3ximas generaciones\u201d, dice parte del mensaje emitido por el diputado Alliana, en el que adelanta su voto a favor de modificar la propuesta aprobada por Senadores.<\/p>\n<p style=\"text-align: justify;\">Bancada C del PLRA<\/p>\n<p style=\"text-align: justify;\">En la misma l\u00ednea se manifest\u00f3 la Bancada C del PLRA, que en un documento a la opini\u00f3n p\u00fablica se comprometi\u00f3 a honrar el compromiso asumido a finales del a\u00f1o pasado con el gremio docente.<\/p>\n<p style=\"text-align: justify;\">\u201cComo siempre, el Partido Liberal Radical Aut\u00e9ntico, acompa\u00f1a las justas reivindicaciones de nuestro pueblo, y en este caso en particular, tenemos la convicci\u00f3n de que podemos lograr una mejor educaci\u00f3n a partir de la dignificaci\u00f3n del trabajo docente\u201d, indica parte del texto.<\/p>\n<p style=\"text-align: justify;\">Asimismo, los integrantes de este bloque aseguraron que apoyar\u00e1n la modificaci\u00f3n del proyecto a ser tratado.<\/p>\n<p style=\"text-align: justify;\">\u201c\u00a1Los maestros son pilares del desarrollo de una naci\u00f3n!\u201d, dice finalmente el comunicado firmado por los diputados Pastor Vera Bejarano (PLRA-San Pedro); Celso Kennedy (PLRA-Caaguaz\u00fa); Carlos Silva (PLRA-\u00d1eembuc\u00fa); Andr\u00e9s Rojas Feris (PLRA-Concepci\u00f3n); Esm\u00e9rita S\u00e1nchez (PLRA-Caaguaz\u00fa); Roya Torres (PLRA-Alto Paran\u00e1); Juan Manuel Ayala Acevedo (PLRA-Amambay); Carlos Noguera (PLRA-Alto Paran\u00e1) y Carlos Mar\u00eda L\u00f3pez (PLRA-Cordillera).<\/p>\n<p style=\"text-align: justify;\">Cabe recordar que los maestros tienen prevista la realizaci\u00f3n de una marcha que iniciar\u00e1 este martes, en reclamo de que sea exceptuado el art\u00edculo que deja sin efecto el incremento de sus haberes.<\/p>\n","protected":false},"excerpt":{"rendered":"<p>Mediante un comunicado publicado en sus redes sociales, el presidente de la C\u00e1mara de Diputados, Pedro Alliana, anunci\u00f3 que votar\u00e1 a favor de mantener el aumento salarial a docentes, previsto&hellip; <\/p>\n","protected":false},"author":1,"featured_media":21428,"comment_status":"closed","ping_status":"open","sticky":false,"template":"","format":"standard","meta":{"sfsi_plus_gutenberg_text_before_share":"","sfsi_plus_gutenberg_show_text_before_share":"","sfsi_plus_gutenberg_icon_type":"","sfsi_plus_gutenberg_icon_alignemt":"","sfsi_plus_gutenburg_max_per_row":"","footnotes":"","_jetpack_memberships_contains_paid_content":false,"jetpack_publicize_message":"","jetpack_publicize_feature_enabled":true,"jetpack_social_post_already_shared":true,"jetpack_social_options":{"image_generator_settings":{"template":"highway","enabled":false},"version":2}},"categories":[4],"tags":[],"jetpack_publicize_connections":[],"jetpack_sharing_enabled":true,"jetpack_featured_media_url":"https:\/\/agendaparaguay.com\/v2\/wp-content\/uploads\/2020\/06\/pedro_alliana.jpeg","_links":{"self":[{"href":"https:\/\/agendaparaguay.com\/v2\/wp-json\/wp\/v2\/posts\/35305"}],"collection":[{"href":"https:\/\/agendaparaguay.com\/v2\/wp-json\/wp\/v2\/posts"}],"about":[{"href":"https:\/\/agendaparaguay.com\/v2\/wp-json\/wp\/v2\/types\/post"}],"author":[{"embeddable":true,"href":"https:\/\/agendaparaguay.com\/v2\/wp-json\/wp\/v2\/users\/1"}],"replies":[{"embeddable":true,"href":"https:\/\/agendaparaguay.com\/v2\/wp-json\/wp\/v2\/comments?post=35305"}],"version-history":[{"count":1,"href":"https:\/\/agendaparaguay.com\/v2\/wp-json\/wp\/v2\/posts\/35305\/revisions"}],"predecessor-version":[{"id":35306,"href":"https:\/\/agendaparaguay.com\/v2\/wp-json\/wp\/v2\/posts\/35305\/revisions\/35306"}],"wp:featuredmedia":[{"embeddable":true,"href":"https:\/\/agendaparaguay.com\/v2\/wp-json\/wp\/v2\/media\/21428"}],"wp:attachment":[{"href":"https:\/\/agendaparaguay.com\/v2\/wp-json\/wp\/v2\/media?parent=35305"}],"wp:term":[{"taxonomy":"category","embeddable":true,"href":"https:\/\/agendaparaguay.com\/v2\/wp-json\/wp\/v2\/categories?post=35305"},{"taxonomy":"post_tag","embeddable":true,"href":"https:\/\/agendaparaguay.com\/v2\/wp-json\/wp\/v2\/tags?post=35305"}],"curies":[{"name":"wp","href":"https:\/\/api.w.org\/{rel}","templated":true}]}}